{"id":49711,"date":"2019-03-28T13:17:43","date_gmt":"2019-03-28T16:17:43","guid":{"rendered":"https:\/\/eldiariodesanpedro.com.ar\/sitio\/?p=49711"},"modified":"2019-03-28T13:17:53","modified_gmt":"2019-03-28T16:17:53","slug":"dos-aprehendidos-con-marihuana-y-bochitas-de-cocaina","status":"publish","type":"post","link":"https:\/\/eldiariodesanpedro.com.ar\/sitio\/dos-aprehendidos-con-marihuana-y-bochitas-de-cocaina\/","title":{"rendered":"Dos aprehendidos con marihuana y bochitas de coca\u00edna"},"content":{"rendered":"<!-- VideographyWP Plugin Message: Automatic video embedding prevented by plugin options. -->\n\n<p> Sucedi\u00f3 en un marco de operativo motochorro este mi\u00e9rcoles por la tarde, los aprehendidos circulaban en una motocicleta 110 cc, con documentaci\u00f3n correspondiente.<\/p>\n\n\n\n<p>Los j\u00f3venes de 25 y 21 a\u00f1os de edad ten\u00edan en su poder 10 baguyos de marihuana y 1 bochita de coca\u00edna.<\/p>\n\n\n\n<p>Quedaron aprehendidos y a disposici\u00f3n de la fiscalia N\u00ba11 de la Dr Ramos. <\/p>\n\n\n\n<figure class=\"wp-block-image\"><img decoding=\"async\" width=\"720\" height=\"960\" data-attachment-id=\"49713\" data-permalink=\"https:\/\/eldiariodesanpedro.com.ar\/sitio\/dos-aprehendidos-con-marihuana-y-bochitas-de-cocaina\/55483205_969610706581402_2741636667675770880_o\/\" data-orig-file=\"https:\/\/eldiariodesanpedro.com.ar\/sitio\/wp-content\/uploads\/2019\/03\/55483205_969610706581402_2741636667675770880_o.jpg\" data-orig-size=\"720,960\" data-comments-opened=\"1\" data-image-meta=\"{&quot;aperture&quot;:&quot;0&quot;,&quot;credit&quot;:&quot;&quot;,&quot;camera&quot;:&quot;&quot;,&quot;caption&quot;:&quot;&quot;,&quot;created_timestamp&quot;:&quot;0&quot;,&quot;copyright&quot;:&quot;&quot;,&quot;focal_length&quot;:&quot;0&quot;,&quot;iso&quot;:&quot;0&quot;,&quot;shutter_speed&quot;:&quot;0&quot;,&quot;title&quot;:&quot;&quot;,&quot;orientation&quot;:&quot;0&quot;}\" data-image-title=\"55483205_969610706581402_2741636667675770880_o\" data-image-description=\"\" data-image-caption=\"\" data-large-file=\"https:\/\/eldiariodesanpedro.com.ar\/sitio\/wp-content\/uploads\/2019\/03\/55483205_969610706581402_2741636667675770880_o.jpg\" data-src=\"https:\/\/eldiariodesanpedro.com.ar\/sitio\/wp-content\/uploads\/2019\/03\/55483205_969610706581402_2741636667675770880_o.jpg\" alt=\"\" class=\"wp-image-49713 lazyload\" data-srcset=\"https:\/\/eldiariodesanpedro.com.ar\/sitio\/wp-content\/uploads\/2019\/03\/55483205_969610706581402_2741636667675770880_o.jpg 720w, https:\/\/eldiariodesanpedro.com.ar\/sitio\/wp-content\/uploads\/2019\/03\/55483205_969610706581402_2741636667675770880_o-225x300.jpg 225w\" data-sizes=\"(max-width: 720px) 100vw, 720px\" src=\"data:image\/svg+xml;base64,PHN2ZyB3aWR0aD0iMSIgaGVpZ2h0PSIxIiB4bWxucz0iaHR0cDovL3d3dy53My5vcmcvMjAwMC9zdmciPjwvc3ZnPg==\" style=\"--smush-placeholder-width: 720px; --smush-placeholder-aspect-ratio: 720\/960;\" \/><\/figure>\n","protected":false},"excerpt":{"rendered":"<p>Sucedi\u00f3 en un marco de operativo motochorro este mi\u00e9rcoles por la tarde, los aprehendidos circulaban en una motocicleta 110 cc, con documentaci\u00f3n correspondiente. Los j\u00f3venes de 25 y 21 a\u00f1os de edad ten\u00edan en su poder 10 baguyos de marihuana y 1 bochita de coca\u00edna. Quedaron aprehendidos y a disposici\u00f3n de la fiscalia N\u00ba11 de [&hellip;]<\/p>\n","protected":false},"author":4,"featured_media":49712,"comment_status":"open","ping_status":"closed","sticky":false,"template":"","format":"standard","meta":{"om_disable_all_campaigns":false,"_jetpack_memberships_contains_paid_content":false,"footnotes":""},"categories":[2,103],"tags":[],"class_list":["post-49711","post","type-post","status-publish","format-standard","has-post-thumbnail","hentry","category-locales","category-policiales-locales"],"aioseo_notices":[],"gutentor_comment":0,"jetpack_featured_media_url":"https:\/\/eldiariodesanpedro.com.ar\/sitio\/wp-content\/uploads\/2019\/03\/56182410_969610129914793_1353476144954867712_o.jpg","jetpack_shortlink":"https:\/\/wp.me\/p6RhLt-cVN","jetpack_sharing_enabled":true,"_links":{"self":[{"href":"https:\/\/eldiariodesanpedro.com.ar\/sitio\/wp-json\/wp\/v2\/posts\/49711","targetHints":{"allow":["GET"]}}],"collection":[{"href":"https:\/\/eldiariodesanpedro.com.ar\/sitio\/wp-json\/wp\/v2\/posts"}],"about":[{"href":"https:\/\/eldiariodesanpedro.com.ar\/sitio\/wp-json\/wp\/v2\/types\/post"}],"author":[{"embeddable":true,"href":"https:\/\/eldiariodesanpedro.com.ar\/sitio\/wp-json\/wp\/v2\/users\/4"}],"replies":[{"embeddable":true,"href":"https:\/\/eldiariodesanpedro.com.ar\/sitio\/wp-json\/wp\/v2\/comments?post=49711"}],"version-history":[{"count":1,"href":"https:\/\/eldiariodesanpedro.com.ar\/sitio\/wp-json\/wp\/v2\/posts\/49711\/revisions"}],"predecessor-version":[{"id":49714,"href":"https:\/\/eldiariodesanpedro.com.ar\/sitio\/wp-json\/wp\/v2\/posts\/49711\/revisions\/49714"}],"wp:featuredmedia":[{"embeddable":true,"href":"https:\/\/eldiariodesanpedro.com.ar\/sitio\/wp-json\/wp\/v2\/media\/49712"}],"wp:attachment":[{"href":"https:\/\/eldiariodesanpedro.com.ar\/sitio\/wp-json\/wp\/v2\/media?parent=49711"}],"wp:term":[{"taxonomy":"category","embeddable":true,"href":"https:\/\/eldiariodesanpedro.com.ar\/sitio\/wp-json\/wp\/v2\/categories?post=49711"},{"taxonomy":"post_tag","embeddable":true,"href":"https:\/\/eldiariodesanpedro.com.ar\/sitio\/wp-json\/wp\/v2\/tags?post=49711"}],"curies":[{"name":"wp","href":"https:\/\/api.w.org\/{rel}","templated":true}]}}