{"id":49688,"date":"2019-03-27T19:39:32","date_gmt":"2019-03-27T22:39:32","guid":{"rendered":"https:\/\/eldiariodesanpedro.com.ar\/sitio\/?p=49688"},"modified":"2019-03-27T19:39:39","modified_gmt":"2019-03-27T22:39:39","slug":"un-delincuente-que-ingreso-a-un-domicilio-aprehendido-en-rapido-accionar-policial","status":"publish","type":"post","link":"https:\/\/eldiariodesanpedro.com.ar\/sitio\/un-delincuente-que-ingreso-a-un-domicilio-aprehendido-en-rapido-accionar-policial\/","title":{"rendered":"Un delincuente que ingres\u00f3 a un domicilio aprehendido en r\u00e1pido accionar policial"},"content":{"rendered":"<!-- VideographyWP Plugin Message: Automatic video embedding prevented by plugin options. -->\n\n<p>Esta tarde de mi\u00e9rcoles fue aprehendido un delincuente por tentativa de robo y da\u00f1o a una propiedad en un r\u00e1pido operativo tras ser alertado por un vecino.<\/p>\n\n\n\n<p>Esta tarde de mi\u00e9rcoles alrededor de las 18:30 hs se produjo la aprehensi\u00f3n de un delincuente de 30 a\u00f1os con frondosos antecedentes que ingres\u00f3 tras forzar una rejas en una venta en el patio de una vivienda ubicada en calle La Laguna al 1300.<\/p>\n\n\n\n<p>Afortunadamente una vecina escuch\u00f3 el ruido del momento de la ruptura de la misma  dando aviso al 911, y en un r\u00e1pido accionar de la polic\u00eda el delincuente que trat\u00f3 de darse a la fuga a pie tras ser abandonado por su compa\u00f1ero que lo esperaba en una motocicleta en la vereda, fue reducido a dos cuadras del lugar por m\u00f3viles policiales. <\/p>\n\n\n\n<p>El aprehendido fue trasladado a la comisar\u00eda local  donde permanecer\u00e1 alojado a disposici\u00f3n de la fiscalia de turno.<\/p>\n\n\n\n<p> <\/p>\n","protected":false},"excerpt":{"rendered":"<p>Esta tarde de mi\u00e9rcoles fue aprehendido un delincuente por tentativa de robo y da\u00f1o a una propiedad en un r\u00e1pido operativo tras ser alertado por un vecino. Esta tarde de mi\u00e9rcoles alrededor de las 18:30 hs se produjo la aprehensi\u00f3n de un delincuente de 30 a\u00f1os con frondosos antecedentes que ingres\u00f3 tras forzar una rejas [&hellip;]<\/p>\n","protected":false},"author":4,"featured_media":49690,"comment_status":"open","ping_status":"closed","sticky":false,"template":"","format":"standard","meta":{"om_disable_all_campaigns":false,"_jetpack_memberships_contains_paid_content":false,"footnotes":""},"categories":[50,2,103],"tags":[],"class_list":["post-49688","post","type-post","status-publish","format-standard","has-post-thumbnail","hentry","category-destacadas","category-locales","category-policiales-locales"],"aioseo_notices":[],"gutentor_comment":0,"jetpack_featured_media_url":"https:\/\/eldiariodesanpedro.com.ar\/sitio\/wp-content\/uploads\/2019\/03\/20190327_190548.jpg","jetpack_shortlink":"https:\/\/wp.me\/p6RhLt-cVq","jetpack_sharing_enabled":true,"_links":{"self":[{"href":"https:\/\/eldiariodesanpedro.com.ar\/sitio\/wp-json\/wp\/v2\/posts\/49688","targetHints":{"allow":["GET"]}}],"collection":[{"href":"https:\/\/eldiariodesanpedro.com.ar\/sitio\/wp-json\/wp\/v2\/posts"}],"about":[{"href":"https:\/\/eldiariodesanpedro.com.ar\/sitio\/wp-json\/wp\/v2\/types\/post"}],"author":[{"embeddable":true,"href":"https:\/\/eldiariodesanpedro.com.ar\/sitio\/wp-json\/wp\/v2\/users\/4"}],"replies":[{"embeddable":true,"href":"https:\/\/eldiariodesanpedro.com.ar\/sitio\/wp-json\/wp\/v2\/comments?post=49688"}],"version-history":[{"count":1,"href":"https:\/\/eldiariodesanpedro.com.ar\/sitio\/wp-json\/wp\/v2\/posts\/49688\/revisions"}],"predecessor-version":[{"id":49693,"href":"https:\/\/eldiariodesanpedro.com.ar\/sitio\/wp-json\/wp\/v2\/posts\/49688\/revisions\/49693"}],"wp:featuredmedia":[{"embeddable":true,"href":"https:\/\/eldiariodesanpedro.com.ar\/sitio\/wp-json\/wp\/v2\/media\/49690"}],"wp:attachment":[{"href":"https:\/\/eldiariodesanpedro.com.ar\/sitio\/wp-json\/wp\/v2\/media?parent=49688"}],"wp:term":[{"taxonomy":"category","embeddable":true,"href":"https:\/\/eldiariodesanpedro.com.ar\/sitio\/wp-json\/wp\/v2\/categories?post=49688"},{"taxonomy":"post_tag","embeddable":true,"href":"https:\/\/eldiariodesanpedro.com.ar\/sitio\/wp-json\/wp\/v2\/tags?post=49688"}],"curies":[{"name":"wp","href":"https:\/\/api.w.org\/{rel}","templated":true}]}}