{"id":49686,"date":"2019-03-27T18:45:07","date_gmt":"2019-03-27T21:45:07","guid":{"rendered":"https:\/\/eldiariodesanpedro.com.ar\/sitio\/?p=49686"},"modified":"2019-03-27T18:45:14","modified_gmt":"2019-03-27T21:45:14","slug":"firma-de-convenio-con-la-direccion-nacional-de-los-registros-nacionales-de-la-propiedad-automotor","status":"publish","type":"post","link":"https:\/\/eldiariodesanpedro.com.ar\/sitio\/firma-de-convenio-con-la-direccion-nacional-de-los-registros-nacionales-de-la-propiedad-automotor\/","title":{"rendered":"Firma de Convenio con la Direcci\u00f3n Nacional de los Registros Nacionales de la Propiedad Automotor"},"content":{"rendered":"<!-- VideographyWP Plugin Message: Automatic video embedding prevented by plugin options. -->\n\n<p>Se firm\u00f3 un convenio entre la DNRPA y el Municipio de San Pedro, a trav\u00e9s del cual el Municipio proceder\u00e1 a designar a los encargados de los Registros Seccionales de todo el pa\u00eds, como Agentes de Percepci\u00f3n del Impuesto y\/o Tasa a la Radicaci\u00f3n de los automotores y de motos.<\/p>\n\n\n\n<p>La Tasa de Radicaci\u00f3n comprende los siguientes tr\u00e1mites (inscripci\u00f3n, transferencia, cambio de radicaci\u00f3n, baja del automotor, denuncia de robo o hurto, cambio de denominaci\u00f3n social, cambio de tipo, cambio de uso, denuncia de venta, posesi\u00f3n o tenencia, alta por recupero).<\/p>\n\n\n\n<p>Este convenio le permitir\u00e1 al Municipio de San Pedro tener sus bases de datos de automotores y motos actualizadas y percibir fondos desde los 1300 Registros de la Propiedad Automotor del pa\u00eds. <\/p>\n","protected":false},"excerpt":{"rendered":"<p>Se firm\u00f3 un convenio entre la DNRPA y el Municipio de San Pedro, a trav\u00e9s del cual el Municipio proceder\u00e1 a designar a los encargados de los Registros Seccionales de todo el pa\u00eds, como Agentes de Percepci\u00f3n del Impuesto y\/o Tasa a la Radicaci\u00f3n de los automotores y de motos. La Tasa de Radicaci\u00f3n comprende [&hellip;]<\/p>\n","protected":false},"author":4,"featured_media":4495,"comment_status":"open","ping_status":"closed","sticky":false,"template":"","format":"standard","meta":{"om_disable_all_campaigns":false,"_jetpack_memberships_contains_paid_content":false,"footnotes":""},"categories":[101,2],"tags":[],"class_list":["post-49686","post","type-post","status-publish","format-standard","has-post-thumbnail","hentry","category-interes-general-locales","category-locales"],"aioseo_notices":[],"gutentor_comment":0,"jetpack_featured_media_url":"https:\/\/eldiariodesanpedro.com.ar\/sitio\/wp-content\/uploads\/2016\/05\/Municipalidad.jpg","jetpack_shortlink":"https:\/\/wp.me\/p6RhLt-cVo","jetpack_sharing_enabled":true,"_links":{"self":[{"href":"https:\/\/eldiariodesanpedro.com.ar\/sitio\/wp-json\/wp\/v2\/posts\/49686","targetHints":{"allow":["GET"]}}],"collection":[{"href":"https:\/\/eldiariodesanpedro.com.ar\/sitio\/wp-json\/wp\/v2\/posts"}],"about":[{"href":"https:\/\/eldiariodesanpedro.com.ar\/sitio\/wp-json\/wp\/v2\/types\/post"}],"author":[{"embeddable":true,"href":"https:\/\/eldiariodesanpedro.com.ar\/sitio\/wp-json\/wp\/v2\/users\/4"}],"replies":[{"embeddable":true,"href":"https:\/\/eldiariodesanpedro.com.ar\/sitio\/wp-json\/wp\/v2\/comments?post=49686"}],"version-history":[{"count":1,"href":"https:\/\/eldiariodesanpedro.com.ar\/sitio\/wp-json\/wp\/v2\/posts\/49686\/revisions"}],"predecessor-version":[{"id":49687,"href":"https:\/\/eldiariodesanpedro.com.ar\/sitio\/wp-json\/wp\/v2\/posts\/49686\/revisions\/49687"}],"wp:featuredmedia":[{"embeddable":true,"href":"https:\/\/eldiariodesanpedro.com.ar\/sitio\/wp-json\/wp\/v2\/media\/4495"}],"wp:attachment":[{"href":"https:\/\/eldiariodesanpedro.com.ar\/sitio\/wp-json\/wp\/v2\/media?parent=49686"}],"wp:term":[{"taxonomy":"category","embeddable":true,"href":"https:\/\/eldiariodesanpedro.com.ar\/sitio\/wp-json\/wp\/v2\/categories?post=49686"},{"taxonomy":"post_tag","embeddable":true,"href":"https:\/\/eldiariodesanpedro.com.ar\/sitio\/wp-json\/wp\/v2\/tags?post=49686"}],"curies":[{"name":"wp","href":"https:\/\/api.w.org\/{rel}","templated":true}]}}