{"id":49669,"date":"2019-03-27T17:15:56","date_gmt":"2019-03-27T20:15:56","guid":{"rendered":"https:\/\/eldiariodesanpedro.com.ar\/sitio\/?p=49669"},"modified":"2019-03-27T19:47:14","modified_gmt":"2019-03-27T22:47:14","slug":"sampedrinos-de-la-colectividad-mallorquina-participaron-de-la-visita-de-los-reyes-de-espana","status":"publish","type":"post","link":"https:\/\/eldiariodesanpedro.com.ar\/sitio\/sampedrinos-de-la-colectividad-mallorquina-participaron-de-la-visita-de-los-reyes-de-espana\/","title":{"rendered":"Sampedrinos de la colectividad mallorquina participaron de la visita de los reyes de Espa\u00f1a"},"content":{"rendered":"<!-- VideographyWP Plugin Message: Automatic video embedding prevented by plugin options. -->\n\n<p>Los sampedrinos Gustavo Gonzalez Truyols y Juan Manuel Gomila participaron el pasado lunes en la cena de gala ofrecida a Sus Majestades en el Centro Cultural Kirchner. Al d\u00eda siguiente, una delegaci\u00f3n de 20 sampedrinos socios de la Agrupaci\u00f3n Mallorca acudieron al agasajo que tuvo lugar en la Sociedad Rural Argentina.<\/p>\n\n\n\n<p>El Rey Felipe VI y la Reina Letizia de Espa\u00f1a realizaron su primera visita de Estado a la Rep\u00fablica Argentina con una agenda muy intensa. Dentro de las actividades programadas para agasajar a Sus Majestades, el Presidente Macri y la Primera Dama ofrecieron una cena de gala en el edificio del Ex- Correo Central, hoy Centro Cultural Kirchner, el pasado lunes 25. All\u00ed estuvieron presentes dos referentes de la colectividad mallorquina de San Pedro, Gustavo Gonz\u00e1lez Truyols, Presidente de la Agrupaci\u00f3n Mallorca, y Juan Manuel Gomila, Vicepresidente 2\u00b0 de la Federaci\u00f3n de Sociedades Espa\u00f1olas de Argentina, quienes pudieron compartir esta especial celebraci\u00f3n a la que acudi\u00f3 el gabinete nacional en pleno, personalidades de la cultura, diplom\u00e1ticos, referentes de la colectividad espa\u00f1ola e invitados especiales. En la recepci\u00f3n inicial Juan Manuel Gomila tuvo oportunidad de compartir un festivo saludo con la Sra. Mirtha Legrand, quien al o\u00edr la procedencia sampedrina elogi\u00f3 las ensaimadas mallorquinas pero reclam\u00f3 que hac\u00eda mucho que no las degustaba; inmediatamente se tom\u00f3 el compromiso de obsequi\u00e1rselas en su primer programa de esta nueva temporada. Al finalizar la cena, y luego de haber compartido mesa con importantes referentes espa\u00f1oles, Gonz\u00e1lez Truyols y Gomila tuvieron el placer de compartir un encuentro muy agradable con la Sra. Mar\u00eda Kodama, viuda del escritor Jorge Luis Borges, quien se mostr\u00f3 dispuesta a visitar nuestra ciudad para brindar una conferencia.<\/p>\n\n\n\n<p>Otro acontecimiento, que en este caso fue ofrecido por Sus Majestades a la colectividad espa\u00f1ola en se\u00f1al de sincero agradecimiento, ocurri\u00f3 al d\u00eda siguiente en unos de los salones principales de la sede porte\u00f1a de la Sociedad Rural Argentina. All\u00ed acudi\u00f3 una comitiva de 20 sampedrinos, entre los cuales se encontraban empresarios locales de origen mallorqu\u00edn, nativos de Mallorca asentados en nuestra ciudad y directivos y j\u00f3venes de la Agrupaci\u00f3n Mallorca. La emoci\u00f3n lleg\u00f3 a su punto m\u00e1ximo cuando Sus Majestades acudieron en persona al encuentro con los cientos de espa\u00f1oles y descendientes presentes; un momento \u00fanico para atesorar en los corazones de todos los que tuvieron el honor de participar. Gustavo Gonz\u00e1lez Truyols fue entrevistado por la televisi\u00f3n espa\u00f1ola para&nbsp; contar su experiencia de lo vivido, mientras que Juan Manuel Gomila pudo dejar a los Reyes el saludo de la colectividad mallorquina asentada en nuestra ciudad, a lo cual respondieron con alegr\u00eda y agradecimiento ya que es tradici\u00f3n&nbsp; que Sus Majestades pasen los veranos en Mallorca.<\/p>\n\n\n\n<figure class=\"wp-block-image\"><img decoding=\"async\" width=\"720\" height=\"960\" data-attachment-id=\"49672\" data-permalink=\"https:\/\/eldiariodesanpedro.com.ar\/sitio\/sampedrinos-de-la-colectividad-mallorquina-participaron-de-la-visita-de-los-reyes-de-espana\/gonzalez-truyols-y-gomila-en-la-cena-de-gala\/\" data-orig-file=\"https:\/\/eldiariodesanpedro.com.ar\/sitio\/wp-content\/uploads\/2019\/03\/GONZALEZ-TRUYOLS-Y-GOMILA-EN-LA-CENA-DE-GALA.jpg\" data-orig-size=\"720,960\" data-comments-opened=\"1\" data-image-meta=\"{&quot;aperture&quot;:&quot;0&quot;,&quot;credit&quot;:&quot;&quot;,&quot;camera&quot;:&quot;&quot;,&quot;caption&quot;:&quot;&quot;,&quot;created_timestamp&quot;:&quot;0&quot;,&quot;copyright&quot;:&quot;&quot;,&quot;focal_length&quot;:&quot;0&quot;,&quot;iso&quot;:&quot;0&quot;,&quot;shutter_speed&quot;:&quot;0&quot;,&quot;title&quot;:&quot;&quot;,&quot;orientation&quot;:&quot;0&quot;}\" data-image-title=\"GONZALEZ TRUYOLS Y GOMILA EN LA CENA DE GALA\" data-image-description=\"\" data-image-caption=\"\" data-large-file=\"https:\/\/eldiariodesanpedro.com.ar\/sitio\/wp-content\/uploads\/2019\/03\/GONZALEZ-TRUYOLS-Y-GOMILA-EN-LA-CENA-DE-GALA.jpg\" data-src=\"https:\/\/eldiariodesanpedro.com.ar\/sitio\/wp-content\/uploads\/2019\/03\/GONZALEZ-TRUYOLS-Y-GOMILA-EN-LA-CENA-DE-GALA.jpg\" alt=\"\" class=\"wp-image-49672 lazyload\" data-srcset=\"https:\/\/eldiariodesanpedro.com.ar\/sitio\/wp-content\/uploads\/2019\/03\/GONZALEZ-TRUYOLS-Y-GOMILA-EN-LA-CENA-DE-GALA.jpg 720w, https:\/\/eldiariodesanpedro.com.ar\/sitio\/wp-content\/uploads\/2019\/03\/GONZALEZ-TRUYOLS-Y-GOMILA-EN-LA-CENA-DE-GALA-225x300.jpg 225w\" data-sizes=\"(max-width: 720px) 100vw, 720px\" src=\"data:image\/svg+xml;base64,PHN2ZyB3aWR0aD0iMSIgaGVpZ2h0PSIxIiB4bWxucz0iaHR0cDovL3d3dy53My5vcmcvMjAwMC9zdmciPjwvc3ZnPg==\" style=\"--smush-placeholder-width: 720px; --smush-placeholder-aspect-ratio: 720\/960;\" \/><\/figure>\n\n\n\n<figure class=\"wp-block-image\"><img decoding=\"async\" width=\"960\" height=\"639\" data-attachment-id=\"49673\" data-permalink=\"https:\/\/eldiariodesanpedro.com.ar\/sitio\/sampedrinos-de-la-colectividad-mallorquina-participaron-de-la-visita-de-los-reyes-de-espana\/sus-majestades-el-predidente-macri-y-la-primera-dama\/\" data-orig-file=\"https:\/\/eldiariodesanpedro.com.ar\/sitio\/wp-content\/uploads\/2019\/03\/SUS-MAJESTADES-EL-PREDIDENTE-MACRI-Y-LA-PRIMERA-DAMA.jpg\" data-orig-size=\"960,639\" data-comments-opened=\"1\" data-image-meta=\"{&quot;aperture&quot;:&quot;0&quot;,&quot;credit&quot;:&quot;&quot;,&quot;camera&quot;:&quot;&quot;,&quot;caption&quot;:&quot;&quot;,&quot;created_timestamp&quot;:&quot;0&quot;,&quot;copyright&quot;:&quot;&quot;,&quot;focal_length&quot;:&quot;0&quot;,&quot;iso&quot;:&quot;0&quot;,&quot;shutter_speed&quot;:&quot;0&quot;,&quot;title&quot;:&quot;&quot;,&quot;orientation&quot;:&quot;0&quot;}\" data-image-title=\"SUS MAJESTADES, EL PREDIDENTE MACRI Y LA PRIMERA DAMA\" data-image-description=\"\" data-image-caption=\"\" data-large-file=\"https:\/\/eldiariodesanpedro.com.ar\/sitio\/wp-content\/uploads\/2019\/03\/SUS-MAJESTADES-EL-PREDIDENTE-MACRI-Y-LA-PRIMERA-DAMA.jpg\" data-src=\"https:\/\/eldiariodesanpedro.com.ar\/sitio\/wp-content\/uploads\/2019\/03\/SUS-MAJESTADES-EL-PREDIDENTE-MACRI-Y-LA-PRIMERA-DAMA.jpg\" alt=\"\" class=\"wp-image-49673 lazyload\" data-srcset=\"https:\/\/eldiariodesanpedro.com.ar\/sitio\/wp-content\/uploads\/2019\/03\/SUS-MAJESTADES-EL-PREDIDENTE-MACRI-Y-LA-PRIMERA-DAMA.jpg 960w, https:\/\/eldiariodesanpedro.com.ar\/sitio\/wp-content\/uploads\/2019\/03\/SUS-MAJESTADES-EL-PREDIDENTE-MACRI-Y-LA-PRIMERA-DAMA-300x200.jpg 300w, https:\/\/eldiariodesanpedro.com.ar\/sitio\/wp-content\/uploads\/2019\/03\/SUS-MAJESTADES-EL-PREDIDENTE-MACRI-Y-LA-PRIMERA-DAMA-768x511.jpg 768w\" data-sizes=\"(max-width: 960px) 100vw, 960px\" src=\"data:image\/svg+xml;base64,PHN2ZyB3aWR0aD0iMSIgaGVpZ2h0PSIxIiB4bWxucz0iaHR0cDovL3d3dy53My5vcmcvMjAwMC9zdmciPjwvc3ZnPg==\" style=\"--smush-placeholder-width: 960px; --smush-placeholder-aspect-ratio: 960\/639;\" \/><\/figure>\n\n\n\n<figure class=\"wp-block-image\"><img decoding=\"async\" width=\"720\" height=\"479\" data-attachment-id=\"49670\" data-permalink=\"https:\/\/eldiariodesanpedro.com.ar\/sitio\/sampedrinos-de-la-colectividad-mallorquina-participaron-de-la-visita-de-los-reyes-de-espana\/el-rey-saluda-a-la-colectividad-espanola\/\" data-orig-file=\"https:\/\/eldiariodesanpedro.com.ar\/sitio\/wp-content\/uploads\/2019\/03\/EL-REY-SALUDA-A-LA-COLECTIVIDAD-ESPA\u00d1OLA.jpg\" data-orig-size=\"720,479\" data-comments-opened=\"1\" data-image-meta=\"{&quot;aperture&quot;:&quot;0&quot;,&quot;credit&quot;:&quot;&quot;,&quot;camera&quot;:&quot;&quot;,&quot;caption&quot;:&quot;&quot;,&quot;created_timestamp&quot;:&quot;0&quot;,&quot;copyright&quot;:&quot;&quot;,&quot;focal_length&quot;:&quot;0&quot;,&quot;iso&quot;:&quot;0&quot;,&quot;shutter_speed&quot;:&quot;0&quot;,&quot;title&quot;:&quot;&quot;,&quot;orientation&quot;:&quot;0&quot;}\" data-image-title=\"EL REY SALUDA A LA COLECTIVIDAD ESPA\u00d1OLA\" data-image-description=\"\" data-image-caption=\"\" data-large-file=\"https:\/\/eldiariodesanpedro.com.ar\/sitio\/wp-content\/uploads\/2019\/03\/EL-REY-SALUDA-A-LA-COLECTIVIDAD-ESPA\u00d1OLA.jpg\" data-src=\"https:\/\/eldiariodesanpedro.com.ar\/sitio\/wp-content\/uploads\/2019\/03\/EL-REY-SALUDA-A-LA-COLECTIVIDAD-ESPA\u00d1OLA.jpg\" alt=\"\" class=\"wp-image-49670 lazyload\" data-srcset=\"https:\/\/eldiariodesanpedro.com.ar\/sitio\/wp-content\/uploads\/2019\/03\/EL-REY-SALUDA-A-LA-COLECTIVIDAD-ESPA\u00d1OLA.jpg 720w, https:\/\/eldiariodesanpedro.com.ar\/sitio\/wp-content\/uploads\/2019\/03\/EL-REY-SALUDA-A-LA-COLECTIVIDAD-ESPA\u00d1OLA-300x200.jpg 300w\" data-sizes=\"(max-width: 720px) 100vw, 720px\" src=\"data:image\/svg+xml;base64,PHN2ZyB3aWR0aD0iMSIgaGVpZ2h0PSIxIiB4bWxucz0iaHR0cDovL3d3dy53My5vcmcvMjAwMC9zdmciPjwvc3ZnPg==\" style=\"--smush-placeholder-width: 720px; --smush-placeholder-aspect-ratio: 720\/479;\" \/><\/figure>\n","protected":false},"excerpt":{"rendered":"<p>Los sampedrinos Gustavo Gonzalez Truyols y Juan Manuel Gomila participaron el pasado lunes en la cena de gala ofrecida a Sus Majestades en el Centro Cultural Kirchner. Al d\u00eda siguiente, una delegaci\u00f3n de 20 sampedrinos socios de la Agrupaci\u00f3n Mallorca acudieron al agasajo que tuvo lugar en la Sociedad Rural Argentina. El Rey Felipe VI [&hellip;]<\/p>\n","protected":false},"author":4,"featured_media":49694,"comment_status":"open","ping_status":"closed","sticky":false,"template":"","format":"standard","meta":{"om_disable_all_campaigns":false,"_jetpack_memberships_contains_paid_content":false,"footnotes":""},"categories":[101,2],"tags":[],"class_list":["post-49669","post","type-post","status-publish","format-standard","has-post-thumbnail","hentry","category-interes-general-locales","category-locales"],"aioseo_notices":[],"gutentor_comment":0,"jetpack_featured_media_url":"https:\/\/eldiariodesanpedro.com.ar\/sitio\/wp-content\/uploads\/2019\/03\/TAPA-2.jpg","jetpack_shortlink":"https:\/\/wp.me\/p6RhLt-cV7","jetpack_sharing_enabled":true,"_links":{"self":[{"href":"https:\/\/eldiariodesanpedro.com.ar\/sitio\/wp-json\/wp\/v2\/posts\/49669","targetHints":{"allow":["GET"]}}],"collection":[{"href":"https:\/\/eldiariodesanpedro.com.ar\/sitio\/wp-json\/wp\/v2\/posts"}],"about":[{"href":"https:\/\/eldiariodesanpedro.com.ar\/sitio\/wp-json\/wp\/v2\/types\/post"}],"author":[{"embeddable":true,"href":"https:\/\/eldiariodesanpedro.com.ar\/sitio\/wp-json\/wp\/v2\/users\/4"}],"replies":[{"embeddable":true,"href":"https:\/\/eldiariodesanpedro.com.ar\/sitio\/wp-json\/wp\/v2\/comments?post=49669"}],"version-history":[{"count":2,"href":"https:\/\/eldiariodesanpedro.com.ar\/sitio\/wp-json\/wp\/v2\/posts\/49669\/revisions"}],"predecessor-version":[{"id":49695,"href":"https:\/\/eldiariodesanpedro.com.ar\/sitio\/wp-json\/wp\/v2\/posts\/49669\/revisions\/49695"}],"wp:featuredmedia":[{"embeddable":true,"href":"https:\/\/eldiariodesanpedro.com.ar\/sitio\/wp-json\/wp\/v2\/media\/49694"}],"wp:attachment":[{"href":"https:\/\/eldiariodesanpedro.com.ar\/sitio\/wp-json\/wp\/v2\/media?parent=49669"}],"wp:term":[{"taxonomy":"category","embeddable":true,"href":"https:\/\/eldiariodesanpedro.com.ar\/sitio\/wp-json\/wp\/v2\/categories?post=49669"},{"taxonomy":"post_tag","embeddable":true,"href":"https:\/\/eldiariodesanpedro.com.ar\/sitio\/wp-json\/wp\/v2\/tags?post=49669"}],"curies":[{"name":"wp","href":"https:\/\/api.w.org\/{rel}","templated":true}]}}