{"id":49665,"date":"2019-03-27T12:34:26","date_gmt":"2019-03-27T15:34:26","guid":{"rendered":"https:\/\/eldiariodesanpedro.com.ar\/sitio\/?p=49665"},"modified":"2019-03-27T12:42:17","modified_gmt":"2019-03-27T15:42:17","slug":"paritarias-docentes-principio-de-acuerdo-entre-el-gobierno-y-los-gremios-bonaerenses-tras-un-ano-y-medio-de-conflicto","status":"publish","type":"post","link":"https:\/\/eldiariodesanpedro.com.ar\/sitio\/paritarias-docentes-principio-de-acuerdo-entre-el-gobierno-y-los-gremios-bonaerenses-tras-un-ano-y-medio-de-conflicto\/","title":{"rendered":"Paritarias docentes: principio de acuerdo entre el gobierno y los gremios bonaerenses tras un a\u00f1o y medio de conflicto"},"content":{"rendered":"<!-- VideographyWP Plugin Message: Automatic video embedding prevented by plugin options. -->\n\n<p>Despu\u00e9s de un a\u00f1o y medio de conflicto,&nbsp;<strong>hay principio de acuerdo entre el gobierno de Mar\u00eda Eugenia Vidal y los sindicatos bonaerenses nucleados en el Frente de Unidad Docente.<\/strong><\/p>\n\n\n\n<p>En la tercera ronda paritaria 2019, el gobierno bonaerense cumpli\u00f3 con el reclamo de los gremios, que exig\u00edan una&nbsp;<strong>recomposici\u00f3n del 15,6% por la p\u00e9rdida adquisitiva del a\u00f1o pasado.<\/strong>&nbsp;La misma se pagar\u00e1 en dos cuotas. La primera de 5% en abril y la segunda 10,6% en agosto.<\/p>\n\n\n\n<p>A su vez,&nbsp;<strong>los funcionarios volvieron a plantear una cl\u00e1usula gatillo de ajuste autom\u00e1tico contra la inflaci\u00f3n que se registre en&nbsp;en 2019.<\/strong>&nbsp;\u00abNuestra&nbsp;intenci\u00f3n es hacer el mejor esfuerzo posible para asegurar que ning\u00fan docente est\u00e9 por debajo de la inflaci\u00f3n\u00bb, dijeron desde la administraci\u00f3n bonaerense.<\/p>\n\n\n\n<p>Del otro lado, fuentes sindicales adelantaron a&nbsp;<strong>Infobae<\/strong>:&nbsp;<strong>\u00abLa oferta casi que est\u00e1 aceptada.<\/strong>&nbsp;Se acerca a lo que ped\u00edamos. La recepcionamos y la pondremos a disposici\u00f3n de los docentes en asambleas\u00bb.<\/p>\n\n\n\n<p>Al salir de la reuni\u00f3n, Mirta Petrocini, titular del sindicato Feb, se\u00f1al\u00f3:<strong>&nbsp;\u00abLa propuesta fue mejorada en los aspectos que ven\u00edamos pidiendo<\/strong>. Los secretarios generales vamos a enviar las consultas a los docentes. Es una propuesta considerable\u00bb. Es la primera vez, en un a\u00f1o y medio, que los gremios no rechazan la oferta en la misma reuni\u00f3n y la llevan a asambleas.<\/p>\n\n\n\n<p>Por su parte, Roberto Baradel, secretario general de Suteba, dijo: \u00abHicieron muchas cosas para dividirnos y obligarnos a aceptar una propuesta a la baja.&nbsp;<strong>Pero ante la firmeza del reclamo, el gobierno ha hecho una oferta diferente\u00bb<\/strong>.<\/p>\n\n\n\n<p>Despu\u00e9s de consultar a las bases, los gremialistas aceptar\u00edan la oferta en los pr\u00f3ximos d\u00edas. De ese modo,&nbsp;<strong>se le dar\u00eda cierre a uno de los conflictos paritarios m\u00e1s extensos en la provincia<\/strong>. El a\u00f1o pasado, tras once propuestas salariales, no&nbsp;arribaron a un acuerdo. Como consecuencia, se&nbsp;perdieron 29 d\u00edas de clases por paro en las aulas.<\/p>\n\n\n\n<p>La convocatoria a la reciente reuni\u00f3n hab\u00eda llegado ante la amenaza de un nuevo paro docente. Los sindicatos que integran el FUDB -Suteba, Feb, Udocba, Amet y Sadop- recibieron el mandato de sus bases para convocar una huelga de 48 horas. Con el avance en la negociaci\u00f3n, sin embargo, la medida de fuerza qued\u00f3 moment\u00e1neamente suspendida.<\/p>\n\n\n\n<p>Fuente: infobae<\/p>\n","protected":false},"excerpt":{"rendered":"<p>Despu\u00e9s de un a\u00f1o y medio de conflicto,&nbsp;hay principio de acuerdo entre el gobierno de Mar\u00eda Eugenia Vidal y los sindicatos bonaerenses nucleados en el Frente de Unidad Docente. En la tercera ronda paritaria 2019, el gobierno bonaerense cumpli\u00f3 con el reclamo de los gremios, que exig\u00edan una&nbsp;recomposici\u00f3n del 15,6% por la p\u00e9rdida adquisitiva del [&hellip;]<\/p>\n","protected":false},"author":4,"featured_media":49668,"comment_status":"open","ping_status":"closed","sticky":false,"template":"","format":"standard","meta":{"om_disable_all_campaigns":false,"_jetpack_memberships_contains_paid_content":false,"footnotes":""},"categories":[50,621],"tags":[],"class_list":["post-49665","post","type-post","status-publish","format-standard","has-post-thumbnail","hentry","category-destacadas","category-regionales"],"aioseo_notices":[],"gutentor_comment":0,"jetpack_featured_media_url":"https:\/\/eldiariodesanpedro.com.ar\/sitio\/wp-content\/uploads\/2019\/03\/2019-03-27.png","jetpack_shortlink":"https:\/\/wp.me\/p6RhLt-cV3","jetpack_sharing_enabled":true,"_links":{"self":[{"href":"https:\/\/eldiariodesanpedro.com.ar\/sitio\/wp-json\/wp\/v2\/posts\/49665","targetHints":{"allow":["GET"]}}],"collection":[{"href":"https:\/\/eldiariodesanpedro.com.ar\/sitio\/wp-json\/wp\/v2\/posts"}],"about":[{"href":"https:\/\/eldiariodesanpedro.com.ar\/sitio\/wp-json\/wp\/v2\/types\/post"}],"author":[{"embeddable":true,"href":"https:\/\/eldiariodesanpedro.com.ar\/sitio\/wp-json\/wp\/v2\/users\/4"}],"replies":[{"embeddable":true,"href":"https:\/\/eldiariodesanpedro.com.ar\/sitio\/wp-json\/wp\/v2\/comments?post=49665"}],"version-history":[{"count":1,"href":"https:\/\/eldiariodesanpedro.com.ar\/sitio\/wp-json\/wp\/v2\/posts\/49665\/revisions"}],"predecessor-version":[{"id":49667,"href":"https:\/\/eldiariodesanpedro.com.ar\/sitio\/wp-json\/wp\/v2\/posts\/49665\/revisions\/49667"}],"wp:featuredmedia":[{"embeddable":true,"href":"https:\/\/eldiariodesanpedro.com.ar\/sitio\/wp-json\/wp\/v2\/media\/49668"}],"wp:attachment":[{"href":"https:\/\/eldiariodesanpedro.com.ar\/sitio\/wp-json\/wp\/v2\/media?parent=49665"}],"wp:term":[{"taxonomy":"category","embeddable":true,"href":"https:\/\/eldiariodesanpedro.com.ar\/sitio\/wp-json\/wp\/v2\/categories?post=49665"},{"taxonomy":"post_tag","embeddable":true,"href":"https:\/\/eldiariodesanpedro.com.ar\/sitio\/wp-json\/wp\/v2\/tags?post=49665"}],"curies":[{"name":"wp","href":"https:\/\/api.w.org\/{rel}","templated":true}]}}