{"id":49657,"date":"2019-03-27T10:54:02","date_gmt":"2019-03-27T13:54:02","guid":{"rendered":"https:\/\/eldiariodesanpedro.com.ar\/sitio\/?p=49657"},"modified":"2019-03-27T10:54:12","modified_gmt":"2019-03-27T13:54:12","slug":"reunion-por-paritaria-docente-y-si-no-hay-acuerdo-habra-paro-el-jueves-y-viernes","status":"publish","type":"post","link":"https:\/\/eldiariodesanpedro.com.ar\/sitio\/reunion-por-paritaria-docente-y-si-no-hay-acuerdo-habra-paro-el-jueves-y-viernes\/","title":{"rendered":"Reuni\u00f3n por paritaria docente y, si no hay acuerdo, habr\u00e1 paro el jueves y viernes"},"content":{"rendered":"<!-- VideographyWP Plugin Message: Automatic video embedding prevented by plugin options. -->\n\n<p>El Frente de Unidad Docente y el gobierno de Mar\u00eda Eugenia Vidal volver\u00e1n a verse las caras ma\u00f1ana a las 9 para continuar negociando la suba salarial de 2019 y la recomposici\u00f3n de lo perdido en 2018.<\/p>\n\n\n\n<p>El encuentro, que ser\u00e1 el tercero en lo que va del a\u00f1o, se realizar\u00e1 en el Ministerio de Econom\u00eda. El Ejecutivo prometi\u00f3 llevar una nueva oferta salarial. La \u00faltima propuesta incluy\u00f3 pagar una suba id\u00e9ntica a la inflaci\u00f3n del INDEC por todo el a\u00f1o, con actualizaciones mensualesdurante los primeros tres meses y luego trimestrales,&nbsp; y 5% en diciembre -a cobrar en enero- en compensaci\u00f3n por los 16 puntos perdidos en 2018. Fue rechazada y deriv\u00f3 en el paro de 72 horas que se realiz\u00f3 el 6, 7 y 8 de marzo, en en arranque de clases, en todas las escuelas de la provincia.<\/p>\n\n\n\n<p>\u201cTenemos mandato para tomar medidas de fuerza si no hay avances. Veremos qu\u00e9 nos proponen y si no hay avances hablaremos con el Frente de Unidad Gremial\u201d,&nbsp; se\u00f1al\u00f3 hoy el titular del SUTEBA, Roberto Baradel, y record\u00f3 que \u201ceste es un conflicto que lleva m\u00e1s de un a\u00f1o y ya tiene que ser resuelto, a no ser que quieran se profundice\u201d.<\/p>\n\n\n\n<p>\u201cTodo el a\u00f1o pasado pedimos una cl\u00e1usula gatillo. Fue responsabilidad de la Gobernaci\u00f3n no escuchar, no otorgarla, y eso nos signific\u00f3 perder 15,6 puntos en los salarios. Este a\u00f1o aceptan la cl\u00e1usula gatillo, pero arrastramos esos 15,6 puntos. La propuesta tiene que incluirlos\u201d, puntualiz\u00f3 Baradel para explicar por qu\u00e9 rechazaron la \u00faltima oferta realizada el 27 de febrero.<\/p>\n\n\n\n<p>En la misma l\u00ednea, el secretario general de Udocba, Miguel D\u00edaz, dijo que espera que la gobernadora \u201chaga una propuesta seria y repare el da\u00f1o que nos hizo el a\u00f1o pasado. El a\u00f1o pasado perdimos 15 puntos de sueldo cuando Vidal dijo que no \u00edbamos a perder poder adquisitivo\u201d. Y agreg\u00f3 que \u201csi no se cumple con lo que pedimos habr\u00e1 medidas de fuerza este jueves y viernes. Ya est\u00e1 consensuado, son las bases lo que lo piden. Todav\u00eda no hay una oferta salarial para este a\u00f1o y se niegan a ver lo que pas\u00f3 el a\u00f1o pasado. Tenemos que recuperar el salario\u201d.<\/p>\n","protected":false},"excerpt":{"rendered":"<p>El Frente de Unidad Docente y el gobierno de Mar\u00eda Eugenia Vidal volver\u00e1n a verse las caras ma\u00f1ana a las 9 para continuar negociando la suba salarial de 2019 y la recomposici\u00f3n de lo perdido en 2018. El encuentro, que ser\u00e1 el tercero en lo que va del a\u00f1o, se realizar\u00e1 en el Ministerio de [&hellip;]<\/p>\n","protected":false},"author":4,"featured_media":49658,"comment_status":"open","ping_status":"closed","sticky":false,"template":"","format":"standard","meta":{"om_disable_all_campaigns":false,"_jetpack_memberships_contains_paid_content":false,"footnotes":""},"categories":[621],"tags":[],"class_list":["post-49657","post","type-post","status-publish","format-standard","has-post-thumbnail","hentry","category-regionales"],"aioseo_notices":[],"gutentor_comment":0,"jetpack_featured_media_url":"https:\/\/eldiariodesanpedro.com.ar\/sitio\/wp-content\/uploads\/2019\/03\/docentes-678x381.jpg","jetpack_shortlink":"https:\/\/wp.me\/p6RhLt-cUV","jetpack_sharing_enabled":true,"_links":{"self":[{"href":"https:\/\/eldiariodesanpedro.com.ar\/sitio\/wp-json\/wp\/v2\/posts\/49657","targetHints":{"allow":["GET"]}}],"collection":[{"href":"https:\/\/eldiariodesanpedro.com.ar\/sitio\/wp-json\/wp\/v2\/posts"}],"about":[{"href":"https:\/\/eldiariodesanpedro.com.ar\/sitio\/wp-json\/wp\/v2\/types\/post"}],"author":[{"embeddable":true,"href":"https:\/\/eldiariodesanpedro.com.ar\/sitio\/wp-json\/wp\/v2\/users\/4"}],"replies":[{"embeddable":true,"href":"https:\/\/eldiariodesanpedro.com.ar\/sitio\/wp-json\/wp\/v2\/comments?post=49657"}],"version-history":[{"count":1,"href":"https:\/\/eldiariodesanpedro.com.ar\/sitio\/wp-json\/wp\/v2\/posts\/49657\/revisions"}],"predecessor-version":[{"id":49659,"href":"https:\/\/eldiariodesanpedro.com.ar\/sitio\/wp-json\/wp\/v2\/posts\/49657\/revisions\/49659"}],"wp:featuredmedia":[{"embeddable":true,"href":"https:\/\/eldiariodesanpedro.com.ar\/sitio\/wp-json\/wp\/v2\/media\/49658"}],"wp:attachment":[{"href":"https:\/\/eldiariodesanpedro.com.ar\/sitio\/wp-json\/wp\/v2\/media?parent=49657"}],"wp:term":[{"taxonomy":"category","embeddable":true,"href":"https:\/\/eldiariodesanpedro.com.ar\/sitio\/wp-json\/wp\/v2\/categories?post=49657"},{"taxonomy":"post_tag","embeddable":true,"href":"https:\/\/eldiariodesanpedro.com.ar\/sitio\/wp-json\/wp\/v2\/tags?post=49657"}],"curies":[{"name":"wp","href":"https:\/\/api.w.org\/{rel}","templated":true}]}}