{"id":49654,"date":"2019-03-27T10:51:43","date_gmt":"2019-03-27T13:51:43","guid":{"rendered":"https:\/\/eldiariodesanpedro.com.ar\/sitio\/?p=49654"},"modified":"2019-03-27T10:52:10","modified_gmt":"2019-03-27T13:52:10","slug":"zarate-trabajadores-de-atucha-se-manifiestan-en-la-central-nuclear","status":"publish","type":"post","link":"https:\/\/eldiariodesanpedro.com.ar\/sitio\/zarate-trabajadores-de-atucha-se-manifiestan-en-la-central-nuclear\/","title":{"rendered":"Z\u00c1RATE: Trabajadores de Atucha se manifiestan en la Central Nuclear"},"content":{"rendered":"<!-- VideographyWP Plugin Message: Automatic video embedding prevented by plugin options. -->\n\n<p>Los trabajadores autoconvocados de las Centrales Nucleares se concentraron hoy a las 13 frente al m\u00e1stil de la planta para expresar el desacuerdo con la oferta salarial de la empresa estatal Nucleoelectrica Arg. S.A. (NASA), de un 15 por ciento.<\/p>\n\n\n\n<p>Todos los gremios (LUZ y FUERZA PARANA, LUZ y FUERZA Z\u00c1RATE y ATE) vienen llevando a cabo paro de dos horas por turno y por sector en reclamo salarial que consiste en recuperar un 16 por ciento perdido en el a\u00f1o 2018 por paritarias, y una pauta salarial para el 2019, pago de premio de producci\u00f3n del a\u00f1o 2018, defensa de los convenios colectivos de trabajo, ante una empresa energ\u00e9tica estatal que aduce problemas econ\u00f3micos.<\/p>\n\n\n\n<p>Adem\u00e1s el frente gremial anuncia que la Comisi\u00f3n directiva acaba de convocar a reuni\u00f3n de accionistas para desplazar de la presidencia del directorio al Ing. Ruben Semoloni y en su lugar lo reemplazar\u00eda el actual Sub-Secretario de Energ\u00eda Nuclear Lic. Julian Gadano, con la clara misi\u00f3n desde el gobierno nacional de continuar con las pol\u00edticas de ajustes y achique de las empresas del Estado Nacional, m\u00e1xime despu\u00e9s del fracaso en la aplicaci\u00f3n del retiro voluntario, un despido encubierto del cual solamente se adhirieron 23 trabajadores.<\/p>\n\n\n\n<p>En el d\u00eda de ma\u00f1ana continuar\u00e1n las asambleas para delinear el futuro del plan de lucha que comenz\u00f3 hace aproximadamente una semana.<\/p>\n\n\n\n<p>Fuente: Zarate Alerta<\/p>\n","protected":false},"excerpt":{"rendered":"<p>Los trabajadores autoconvocados de las Centrales Nucleares se concentraron hoy a las 13 frente al m\u00e1stil de la planta para expresar el desacuerdo con la oferta salarial de la empresa estatal Nucleoelectrica Arg. S.A. (NASA), de un 15 por ciento. Todos los gremios (LUZ y FUERZA PARANA, LUZ y FUERZA Z\u00c1RATE y ATE) vienen llevando [&hellip;]<\/p>\n","protected":false},"author":4,"featured_media":49655,"comment_status":"open","ping_status":"closed","sticky":false,"template":"","format":"standard","meta":{"om_disable_all_campaigns":false,"_jetpack_memberships_contains_paid_content":false,"footnotes":""},"categories":[621],"tags":[],"class_list":["post-49654","post","type-post","status-publish","format-standard","has-post-thumbnail","hentry","category-regionales"],"aioseo_notices":[],"gutentor_comment":0,"jetpack_featured_media_url":"https:\/\/eldiariodesanpedro.com.ar\/sitio\/wp-content\/uploads\/2019\/03\/IMG-20190326-WA0008-1-1024x768.jpg","jetpack_shortlink":"https:\/\/wp.me\/p6RhLt-cUS","jetpack_sharing_enabled":true,"_links":{"self":[{"href":"https:\/\/eldiariodesanpedro.com.ar\/sitio\/wp-json\/wp\/v2\/posts\/49654","targetHints":{"allow":["GET"]}}],"collection":[{"href":"https:\/\/eldiariodesanpedro.com.ar\/sitio\/wp-json\/wp\/v2\/posts"}],"about":[{"href":"https:\/\/eldiariodesanpedro.com.ar\/sitio\/wp-json\/wp\/v2\/types\/post"}],"author":[{"embeddable":true,"href":"https:\/\/eldiariodesanpedro.com.ar\/sitio\/wp-json\/wp\/v2\/users\/4"}],"replies":[{"embeddable":true,"href":"https:\/\/eldiariodesanpedro.com.ar\/sitio\/wp-json\/wp\/v2\/comments?post=49654"}],"version-history":[{"count":1,"href":"https:\/\/eldiariodesanpedro.com.ar\/sitio\/wp-json\/wp\/v2\/posts\/49654\/revisions"}],"predecessor-version":[{"id":49656,"href":"https:\/\/eldiariodesanpedro.com.ar\/sitio\/wp-json\/wp\/v2\/posts\/49654\/revisions\/49656"}],"wp:featuredmedia":[{"embeddable":true,"href":"https:\/\/eldiariodesanpedro.com.ar\/sitio\/wp-json\/wp\/v2\/media\/49655"}],"wp:attachment":[{"href":"https:\/\/eldiariodesanpedro.com.ar\/sitio\/wp-json\/wp\/v2\/media?parent=49654"}],"wp:term":[{"taxonomy":"category","embeddable":true,"href":"https:\/\/eldiariodesanpedro.com.ar\/sitio\/wp-json\/wp\/v2\/categories?post=49654"},{"taxonomy":"post_tag","embeddable":true,"href":"https:\/\/eldiariodesanpedro.com.ar\/sitio\/wp-json\/wp\/v2\/tags?post=49654"}],"curies":[{"name":"wp","href":"https:\/\/api.w.org\/{rel}","templated":true}]}}