{"id":49651,"date":"2019-03-27T10:45:07","date_gmt":"2019-03-27T13:45:07","guid":{"rendered":"https:\/\/eldiariodesanpedro.com.ar\/sitio\/?p=49651"},"modified":"2019-03-27T10:45:20","modified_gmt":"2019-03-27T13:45:20","slug":"zarate-denuncia-de-abuso-sexual-a-una-nena-de-3-anos-queremos-justicia","status":"publish","type":"post","link":"https:\/\/eldiariodesanpedro.com.ar\/sitio\/zarate-denuncia-de-abuso-sexual-a-una-nena-de-3-anos-queremos-justicia\/","title":{"rendered":"ZARATE: Denuncia de abuso sexual a una nena de 3 a\u00f1os: \u201cqueremos justicia\u201d"},"content":{"rendered":"<!-- VideographyWP Plugin Message: Automatic video embedding prevented by plugin options. -->\n\n<p>En Junio del 2017 se realiz\u00f3 la denuncia por abuso sexual hacia una nena de tres a\u00f1os, por parte de su padrastro. A pesar de las m\u00faltiples causas penales al respecto, la nena sigue viviendo con la mam\u00e1 y su abusador. El padre, y su familia piden por favor \u201cjusticia\u201d.<\/p>\n\n\n\n<p>El hombre trabaja actualmente en Siderca y adem\u00e1s es contratado parcialmente para animar eventos infantiles que organiza la Municipalidad de Z\u00e1rate, llevados a cabo en Parque Urbano. En febrero del corriente a\u00f1o, la familia de la nena present\u00f3 una carta a las autoridades para exigir el alejamiento del sujeto de ni\u00f1os y actuaciones similares, &nbsp;pero no tuvieron respuesta concreta.&nbsp;<\/p>\n\n\n\n<p>La denuncia radica en UFI N\u00b08 de Z\u00c1RATE IPP 18-02-003046-17\/00 a cargo de la Dra. Molinari, y ya tuvieron que mostrar dos veces las pruebas y testimonios, ya que misteriosamente se hab\u00edan extraviado en la primera presentaci\u00f3n. &nbsp;Cabe resaltar, que el sujeto, identificado como \u201cH\u00e9ctor\u201d, &nbsp;se encuentra investigado tambi\u00e9n por denuncia por \u201cPRODUCCI\u00d3N, COMERCIALIZACI\u00d3N, ETC. DE REPRESENTACI\u00d3N DE MENORES DE 18 A\u00d1OS DEDICADOS A ACTIVIDAD SEXUAL\u201d IPP 18-00-00834-18 UFI N\u00b01 Z\u00c1RATE.<\/p>\n\n\n\n<p>\u201cDuermo en mi pieza, pero mam\u00e1 me lleva a la cama a dormir con H\u00e9ctor. Duermo en el medio, pero a m\u00ed no me gusta que me de besos, me abrace y me toque H\u00e9ctor. Yo me voy para el lado de mi mam\u00e1 y ella me empuja otra vez para el medio\u201d. \u201cH\u00e9ctor duerme solo con medias, porque tiene frio en los pies, despu\u00e9s yo lo veo cuando se levanta, se pone un pantal\u00f3n, una remera y se va\u201d, detalla el desgarrador testimonio de la peque\u00f1a. &nbsp;Adem\u00e1s, Luz relata que H\u00e9ctor le daba \u201cbesos en la cola de adelante\u201d y que era enviado por la mam\u00e1 a higienizar sus genitales cuando iba al ba\u00f1o, aunque ella mostraba resistencia.<\/p>\n\n\n\n<p>El juzgado de Garant\u00edas N\u00b01 de Campana le otorg\u00f3 una medida de prohibici\u00f3n de contacto y perimetral para que H\u00e9ctor no tenga contacto con Luz debido a la denuncia de abuso sexual sobre la ni\u00f1a, seg\u00fan las constancias probatorias colectadas en la IPP, denuncia, testimonial, informe del Centro de Asistencia a la Victima e informe del Servicio Local de Promoci\u00f3n y Protecci\u00f3n de los derechos del ni\u00f1o ni\u00f1a y adolescente.&nbsp; En noviembre del mismo a\u00f1o, estando vigente la medida cautelar,&nbsp; la beb\u00e9 cont\u00f3 a su pap\u00e1 y varias personas adultas m\u00e1s de su entorno,&nbsp; c\u00f3mo H\u00e9ctor y su mam\u00e1 la quemaban con un cigarrillo mientras re\u00edan &nbsp;Por estos hechos, &nbsp;se labraron las denuncias \u201cCismondi, H\u00e9ctor. s\/Desobediencia Art. 239- Lesiones agravadas art\u00edculo 89-Art.92\u201d, contando Luz con precarios m\u00e9dicos y testimonios de personas que no son familiares. Luz viv\u00eda con su pap\u00e1, pero desde el Juzgado de familia la obligaban a mantener un r\u00e9gimen de visitas con la mam\u00e1.<\/p>\n\n\n\n<p>A mediados de septiembre citan al padre de Luz al juzgado para tener una audiencia con el consejero de familia Dr. Henaut, quien le comenta al padre que Luz vivir\u00e1 con su madre aunque all\u00ed tambi\u00e9n viva el ped\u00f3filo abusador. Ante la manifestaci\u00f3n del padre de Luz por esta situaci\u00f3n, el DR. HENAUT que \u201clos chicos a veces mienten\u201d y que \u00e9l no pod\u00eda hacer nada al respecto. Por este accionar deplorable y violento respecto al resguardo de la integridad de Luz se radica una denuncia en mesa de entrada de Fiscal\u00eda hacia el Dr. Henaut, de la que jam\u00e1s se obtuvo respuesta, y solamente se logr\u00f3 que remplace su lugar en la causa la consejera Dra. Elsa Margarita Iglesias, quien manten\u00eda la misma l\u00ednea que el consejero anterior.<\/p>\n\n\n\n<p>A trav\u00e9s de distintas audiencias, la Jueza Norzi &nbsp;ha mantenido la posici\u00f3n de que Luz vuelva a vivir con su mam\u00e1, a pesar de las denuncias penales que todav\u00eda siguen su curso y que no se ha realizado todav\u00eda la C\u00e1mara Gesell correspondiente.<\/p>\n\n\n\n<p>La Jueza Norzi del Juzgado de Familia N\u00b01 de Campana, tampoco tiene en cuenta los informes de la psic\u00f3loga tratante de Luz (\u201c10 de Marzo 2018: \u201cTanto las palabras de Luz como los juegos indican una clara situaci\u00f3n de abuso y violencia infringidos sobre su persona. En los juegos ha expresado determinada informaci\u00f3n relacionada con la sexualidad que no es esperable para su edad, es decir que Luz cuenta con informaci\u00f3n que no es natural que sepa a su edad\u2026 Tambi\u00e9n ha expresado haber sido violentada por su madre y la pareja de ella. En los juegos simb\u00f3licos con los miembros de su familia expresa sentimientos de miedo y enojo hacia su madre. Dice expresamente cuando se le pregunta que no la quiere ver, que su madre la golpea y que luego le dice que le oculte esta informaci\u00f3n a las dem\u00e1s personas\u201d \u2013 1 Agosto 2018: \u201cLuz tiene pesadillas por las noches que tienen que ver con escenas temidas de ser raptada o violentada. Dice que le cuesta conciliar el sue\u00f1o por la noche\u201d). Esta Jueza entiende que la problem\u00e1tica se resolver\u00e1, irrisoriamente, con una terapia parental entre los progenitores.<\/p>\n\n\n\n<p>En un plazo corto, se desarrollar\u00e1 la C\u00e1mara Gesell solicitada por la UFI N\u00b08 de Z\u00e1rate, que se vio interrumpida tres veces por ataques violentos de la mam\u00e1 para con Luz, como en la puerta del Jard\u00edn en el horario de la entrada, hecho denunciado y testificado por personal del establecimiento y&nbsp; familias de alumnos.<\/p>\n\n\n\n<p>Mientras la mam\u00e1 de Luz se ocupa de intentar, sin lograrlo, borrarle los registros de violencia y abuso, cortando el tratamiento psicol\u00f3gico e insisti\u00e9ndole que H\u00e9ctor \u201ces bueno\u201d, el Centro de Asistencia&nbsp; a la Victima pelea a trav\u00e9s de informes para que se haga lugar a una prohibici\u00f3n de contacto en los d\u00edas previos para que Luz pueda exhibir una declaraci\u00f3n limpia y autentica (\u201cDesde este Centro se sugiere respetuosamente se arbitren los medios para el resguardo de esta ni\u00f1a, ya que retomar estos contactos en este momento podr\u00eda obturar la posibilidad de la ni\u00f1a de poner en palabras su experiencia vivida y por consiguiente el presente proceso penal\u201d)<\/p>\n\n\n\n<p>\u201cLa UFI N8 jam\u00e1s actu\u00f3 respecto la desobediencia de H\u00e9ctor, ni por las lesiones agravadas archivando las causas, a pesar que Luz contaba con precarios m\u00e9dicos, testimonios, informes de profesionales tratantes, entre otras pruebas consistentes. La UFI N\u00b08, tampoco escuch\u00f3 a Luz. No vamos a dejar sola a Luz frente al monstruo del Poder Judicia\u201d, expres\u00f3 su padre.<\/p>\n\n\n\n<p>Fuente: Zarate Alerta<\/p>\n","protected":false},"excerpt":{"rendered":"<p>En Junio del 2017 se realiz\u00f3 la denuncia por abuso sexual hacia una nena de tres a\u00f1os, por parte de su padrastro. A pesar de las m\u00faltiples causas penales al respecto, la nena sigue viviendo con la mam\u00e1 y su abusador. El padre, y su familia piden por favor \u201cjusticia\u201d. El hombre trabaja actualmente en [&hellip;]<\/p>\n","protected":false},"author":4,"featured_media":49652,"comment_status":"open","ping_status":"closed","sticky":false,"template":"","format":"standard","meta":{"om_disable_all_campaigns":false,"_jetpack_memberships_contains_paid_content":false,"footnotes":""},"categories":[621],"tags":[],"class_list":["post-49651","post","type-post","status-publish","format-standard","has-post-thumbnail","hentry","category-regionales"],"aioseo_notices":[],"gutentor_comment":0,"jetpack_featured_media_url":"https:\/\/eldiariodesanpedro.com.ar\/sitio\/wp-content\/uploads\/2019\/03\/201809250006431.jpeg","jetpack_shortlink":"https:\/\/wp.me\/p6RhLt-cUP","jetpack_sharing_enabled":true,"_links":{"self":[{"href":"https:\/\/eldiariodesanpedro.com.ar\/sitio\/wp-json\/wp\/v2\/posts\/49651","targetHints":{"allow":["GET"]}}],"collection":[{"href":"https:\/\/eldiariodesanpedro.com.ar\/sitio\/wp-json\/wp\/v2\/posts"}],"about":[{"href":"https:\/\/eldiariodesanpedro.com.ar\/sitio\/wp-json\/wp\/v2\/types\/post"}],"author":[{"embeddable":true,"href":"https:\/\/eldiariodesanpedro.com.ar\/sitio\/wp-json\/wp\/v2\/users\/4"}],"replies":[{"embeddable":true,"href":"https:\/\/eldiariodesanpedro.com.ar\/sitio\/wp-json\/wp\/v2\/comments?post=49651"}],"version-history":[{"count":1,"href":"https:\/\/eldiariodesanpedro.com.ar\/sitio\/wp-json\/wp\/v2\/posts\/49651\/revisions"}],"predecessor-version":[{"id":49653,"href":"https:\/\/eldiariodesanpedro.com.ar\/sitio\/wp-json\/wp\/v2\/posts\/49651\/revisions\/49653"}],"wp:featuredmedia":[{"embeddable":true,"href":"https:\/\/eldiariodesanpedro.com.ar\/sitio\/wp-json\/wp\/v2\/media\/49652"}],"wp:attachment":[{"href":"https:\/\/eldiariodesanpedro.com.ar\/sitio\/wp-json\/wp\/v2\/media?parent=49651"}],"wp:term":[{"taxonomy":"category","embeddable":true,"href":"https:\/\/eldiariodesanpedro.com.ar\/sitio\/wp-json\/wp\/v2\/categories?post=49651"},{"taxonomy":"post_tag","embeddable":true,"href":"https:\/\/eldiariodesanpedro.com.ar\/sitio\/wp-json\/wp\/v2\/tags?post=49651"}],"curies":[{"name":"wp","href":"https:\/\/api.w.org\/{rel}","templated":true}]}}