{"id":49648,"date":"2019-03-27T10:38:18","date_gmt":"2019-03-27T13:38:18","guid":{"rendered":"https:\/\/eldiariodesanpedro.com.ar\/sitio\/?p=49648"},"modified":"2019-03-27T10:38:30","modified_gmt":"2019-03-27T13:38:30","slug":"san-nicolas-asesinaron-de-cinco-disparos-a-un-joven-en-zona-norte-mientras-dormia","status":"publish","type":"post","link":"https:\/\/eldiariodesanpedro.com.ar\/sitio\/san-nicolas-asesinaron-de-cinco-disparos-a-un-joven-en-zona-norte-mientras-dormia\/","title":{"rendered":"SAN NICOL\u00c1S: Asesinaron de cinco disparos a un joven en zona norte mientras dorm\u00eda"},"content":{"rendered":"<!-- VideographyWP Plugin Message: Automatic video embedding prevented by plugin options. -->\n\n<p>\n\nAlrededor de las 5:30 de la madrugada de hoy, dos sujetos ingresaron a una vivienda de calle Moreno al 1000 y ultimaron con cuatro disparos de arma de fuego a Alexis Ch\u00e1vez de 27 a\u00f1os.&nbsp;<\/p>\n\n\n\n<p>Los autores son intensamente buscados y se investiga si se trat\u00f3 de un ajuste de cuentas.<\/p>\n\n\n\n<p>Ch\u00e1vez habitada una peque\u00f1a vivienda en la parte trasera de la casa de sus padres. Al momento de los hechos se encontraba descansando junto a su mujer y una peque\u00f1a criatura. Las mismas no recibieron heridas.<\/p>\n\n\n\n<p>Investiga la Fiscal\u00eda N\u00ba4 a cargo del Dr. Ariel Tempo\n\n<\/p>\n","protected":false},"excerpt":{"rendered":"<p>Alrededor de las 5:30 de la madrugada de hoy, dos sujetos ingresaron a una vivienda de calle Moreno al 1000 y ultimaron con cuatro disparos de arma de fuego a Alexis Ch\u00e1vez de 27 a\u00f1os.&nbsp; Los autores son intensamente buscados y se investiga si se trat\u00f3 de un ajuste de cuentas. Ch\u00e1vez habitada una peque\u00f1a [&hellip;]<\/p>\n","protected":false},"author":4,"featured_media":49649,"comment_status":"open","ping_status":"closed","sticky":false,"template":"","format":"standard","meta":{"om_disable_all_campaigns":false,"_jetpack_memberships_contains_paid_content":false,"footnotes":""},"categories":[621],"tags":[],"class_list":["post-49648","post","type-post","status-publish","format-standard","has-post-thumbnail","hentry","category-regionales"],"aioseo_notices":[],"gutentor_comment":0,"jetpack_featured_media_url":"https:\/\/eldiariodesanpedro.com.ar\/sitio\/wp-content\/uploads\/2019\/03\/no_as1cgmf32jh4o66MUERTES.jpg","jetpack_shortlink":"https:\/\/wp.me\/p6RhLt-cUM","jetpack_sharing_enabled":true,"_links":{"self":[{"href":"https:\/\/eldiariodesanpedro.com.ar\/sitio\/wp-json\/wp\/v2\/posts\/49648","targetHints":{"allow":["GET"]}}],"collection":[{"href":"https:\/\/eldiariodesanpedro.com.ar\/sitio\/wp-json\/wp\/v2\/posts"}],"about":[{"href":"https:\/\/eldiariodesanpedro.com.ar\/sitio\/wp-json\/wp\/v2\/types\/post"}],"author":[{"embeddable":true,"href":"https:\/\/eldiariodesanpedro.com.ar\/sitio\/wp-json\/wp\/v2\/users\/4"}],"replies":[{"embeddable":true,"href":"https:\/\/eldiariodesanpedro.com.ar\/sitio\/wp-json\/wp\/v2\/comments?post=49648"}],"version-history":[{"count":1,"href":"https:\/\/eldiariodesanpedro.com.ar\/sitio\/wp-json\/wp\/v2\/posts\/49648\/revisions"}],"predecessor-version":[{"id":49650,"href":"https:\/\/eldiariodesanpedro.com.ar\/sitio\/wp-json\/wp\/v2\/posts\/49648\/revisions\/49650"}],"wp:featuredmedia":[{"embeddable":true,"href":"https:\/\/eldiariodesanpedro.com.ar\/sitio\/wp-json\/wp\/v2\/media\/49649"}],"wp:attachment":[{"href":"https:\/\/eldiariodesanpedro.com.ar\/sitio\/wp-json\/wp\/v2\/media?parent=49648"}],"wp:term":[{"taxonomy":"category","embeddable":true,"href":"https:\/\/eldiariodesanpedro.com.ar\/sitio\/wp-json\/wp\/v2\/categories?post=49648"},{"taxonomy":"post_tag","embeddable":true,"href":"https:\/\/eldiariodesanpedro.com.ar\/sitio\/wp-json\/wp\/v2\/tags?post=49648"}],"curies":[{"name":"wp","href":"https:\/\/api.w.org\/{rel}","templated":true}]}}