{"id":49645,"date":"2019-03-27T10:36:21","date_gmt":"2019-03-27T13:36:21","guid":{"rendered":"https:\/\/eldiariodesanpedro.com.ar\/sitio\/?p=49645"},"modified":"2019-03-27T10:36:31","modified_gmt":"2019-03-27T13:36:31","slug":"san-nicolas-una-abuela-fue-atacada-por-un-motochorro-cuando-caminaba-con-su-nieto-de-4-anos","status":"publish","type":"post","link":"https:\/\/eldiariodesanpedro.com.ar\/sitio\/san-nicolas-una-abuela-fue-atacada-por-un-motochorro-cuando-caminaba-con-su-nieto-de-4-anos\/","title":{"rendered":"SAN NICOLAS: Una abuela fue atacada por un motochorro cuando caminaba con su nieto de 4 a\u00f1os"},"content":{"rendered":"<!-- VideographyWP Plugin Message: Automatic video embedding prevented by plugin options. -->\n\n<p>\n\nEl hecho ocurri\u00f3 este domingo alrededor de las 22:45 en zona norte. La mujer de 52 a\u00f1os denunci\u00f3 en sede policial que fue v\u00edctima de un violento asalto por parte de un motochorro.<\/p>\n\n\n\n<p>De acuerdo a la denuncia, la mujer ven\u00eda viajando desde la ciudad de Rosario junto a su nieto de cuatro a\u00f1os en un colectivo de la l\u00ednea A, qued\u00e1ndose dormida y pas\u00e1ndose de largo de la parada que deb\u00eda bajar para llegar a su domicilio de barrio Las Mellizas.<\/p>\n\n\n\n<p>Cuando se baj\u00f3, a la altura de la f\u00e1brica Protto, comenz\u00f3 a caminar y al pasar por calle Carbajo un sujeto en moto los intercepta y le pregunta si quiere que la acerque a alg\u00fan lado.<\/p>\n\n\n\n<p>Ella se neg\u00f3 y fue en ese momento que el individuo extrae de entre sus ropas un arma de fuego, golpe\u00e1ndola con la culata de la misma en la cabeza y produci\u00e9ndole un corte en el cuero cabelludo haci\u00e9ndola sangrar.<\/p>\n\n\n\n<p>El asaltante apunt\u00f3 con el arma de fuego a su nieto y le exigi\u00f3 a la mujer que le entregue sus pertenencias. El ladr\u00f3n huy\u00f3 con el carrito que llevaba la v\u00edctima por calle Carbajo sentido Autopista.<\/p>\n\n\n\n<p>La mujer y su nieto fueron auxiliados por una pareja que pas\u00f3 en moto, conocidos de ellos, quienes dieron aviso a la polic\u00eda y llamaron a una ambulancia.<\/p>\n\n\n\n<p>Afortunadamente la v\u00edctima no sufri\u00f3 lesiones de gravedad. La fiscal\u00eda junto a las fuerzas de seguridad investigan el hecho a los fines de dar con el responsable.\n\n<\/p>\n","protected":false},"excerpt":{"rendered":"<p>El hecho ocurri\u00f3 este domingo alrededor de las 22:45 en zona norte. La mujer de 52 a\u00f1os denunci\u00f3 en sede policial que fue v\u00edctima de un violento asalto por parte de un motochorro. De acuerdo a la denuncia, la mujer ven\u00eda viajando desde la ciudad de Rosario junto a su nieto de cuatro a\u00f1os en [&hellip;]<\/p>\n","protected":false},"author":4,"featured_media":49646,"comment_status":"open","ping_status":"closed","sticky":false,"template":"","format":"standard","meta":{"om_disable_all_campaigns":false,"_jetpack_memberships_contains_paid_content":false,"footnotes":""},"categories":[621],"tags":[],"class_list":["post-49645","post","type-post","status-publish","format-standard","has-post-thumbnail","hentry","category-regionales"],"aioseo_notices":[],"gutentor_comment":0,"jetpack_featured_media_url":"https:\/\/eldiariodesanpedro.com.ar\/sitio\/wp-content\/uploads\/2019\/03\/no_px8sk0s02cjuq9dno_fldve2f8x8oqp6wpol.jpg","jetpack_shortlink":"https:\/\/wp.me\/p6RhLt-cUJ","jetpack_sharing_enabled":true,"_links":{"self":[{"href":"https:\/\/eldiariodesanpedro.com.ar\/sitio\/wp-json\/wp\/v2\/posts\/49645","targetHints":{"allow":["GET"]}}],"collection":[{"href":"https:\/\/eldiariodesanpedro.com.ar\/sitio\/wp-json\/wp\/v2\/posts"}],"about":[{"href":"https:\/\/eldiariodesanpedro.com.ar\/sitio\/wp-json\/wp\/v2\/types\/post"}],"author":[{"embeddable":true,"href":"https:\/\/eldiariodesanpedro.com.ar\/sitio\/wp-json\/wp\/v2\/users\/4"}],"replies":[{"embeddable":true,"href":"https:\/\/eldiariodesanpedro.com.ar\/sitio\/wp-json\/wp\/v2\/comments?post=49645"}],"version-history":[{"count":1,"href":"https:\/\/eldiariodesanpedro.com.ar\/sitio\/wp-json\/wp\/v2\/posts\/49645\/revisions"}],"predecessor-version":[{"id":49647,"href":"https:\/\/eldiariodesanpedro.com.ar\/sitio\/wp-json\/wp\/v2\/posts\/49645\/revisions\/49647"}],"wp:featuredmedia":[{"embeddable":true,"href":"https:\/\/eldiariodesanpedro.com.ar\/sitio\/wp-json\/wp\/v2\/media\/49646"}],"wp:attachment":[{"href":"https:\/\/eldiariodesanpedro.com.ar\/sitio\/wp-json\/wp\/v2\/media?parent=49645"}],"wp:term":[{"taxonomy":"category","embeddable":true,"href":"https:\/\/eldiariodesanpedro.com.ar\/sitio\/wp-json\/wp\/v2\/categories?post=49645"},{"taxonomy":"post_tag","embeddable":true,"href":"https:\/\/eldiariodesanpedro.com.ar\/sitio\/wp-json\/wp\/v2\/tags?post=49645"}],"curies":[{"name":"wp","href":"https:\/\/api.w.org\/{rel}","templated":true}]}}