{"id":49639,"date":"2019-03-27T10:15:12","date_gmt":"2019-03-27T13:15:12","guid":{"rendered":"https:\/\/eldiariodesanpedro.com.ar\/sitio\/?p=49639"},"modified":"2019-03-27T10:15:21","modified_gmt":"2019-03-27T13:15:21","slug":"la-agencia-de-noticias-alemana-ruptly-visito-san-pedro-interesada-en-el-hallazgo-del-oso-prehistorico-gigante-descubierto-por-el-museo-paleontologico","status":"publish","type":"post","link":"https:\/\/eldiariodesanpedro.com.ar\/sitio\/la-agencia-de-noticias-alemana-ruptly-visito-san-pedro-interesada-en-el-hallazgo-del-oso-prehistorico-gigante-descubierto-por-el-museo-paleontologico\/","title":{"rendered":"La agencia de noticias alemana RUPTLY visit\u00f3 San Pedro interesada en el hallazgo del oso prehist\u00f3rico gigante descubierto por el Museo Paleontol\u00f3gico"},"content":{"rendered":"<!-- VideographyWP Plugin Message: Automatic video embedding prevented by plugin options. -->\n\n<p> En la tarde de ayer, lleg\u00f3 a San Pedro\u00a0<strong>Leandro Vallerino<\/strong>, corresponsal en Argentina de la\u00a0<strong>agencia alemana de noticias RUPTLY,<\/strong>\u00a0interesado en entrevistar al equipo del Museo Paleontol\u00f3gico de nuestra ciudad por el descubrimiento de los restos fosilizados del\u00a0<strong>oso prehist\u00f3rico gigante<\/strong>\u00a0hallado en el predio de la\u00a0<strong>empresa Tosquera San Pedro,\u00a0<\/strong>de la familia Iglesias.<\/p>\n\n\n\n<p>Para la entrevista se tomaron im\u00e1genes en el taller de preparaci\u00f3n del museo, en la sala donde ya se encuentra expuesto el f\u00f3sil y en la cantera donde se lo descubri\u00f3, ubicada a unos 4 kil\u00f3metros de la ciudad.<\/p>\n\n\n\n<p>El corresponsal entrevist\u00f3 a los integrantes del Grupo Conservacionista que protagonizaron el hallazgo junto al joven Fausto Capre, maquinista de la empresa minera y se mostr\u00f3 interesado en reflejar las tareas de preparaci\u00f3n del ejemplar f\u00f3sil y de filmar el punto exacto donde se realiz\u00f3 el descubrimiento.<\/p>\n\n\n\n<p>La agencia RUPTLY es una agencia de noticias en video perteneciente a la cadena de televisi\u00f3n RT. Tiene sede en Berl\u00edn (Alemania) y colaboradores en Washington, Damasco, Londres, Madrid, Gaza, El Cairo y Buenos Aires entre sus 22 corresponsal\u00edas en todo el mundo. Ofrece videos y contenidos audiovisuales para todo tipo de medios y portales de Internet.\u00a0<\/p>\n\n\n\n<figure class=\"wp-block-image\"><img decoding=\"async\" width=\"2560\" height=\"1440\" data-attachment-id=\"49640\" data-permalink=\"https:\/\/eldiariodesanpedro.com.ar\/sitio\/la-agencia-de-noticias-alemana-ruptly-visito-san-pedro-interesada-en-el-hallazgo-del-oso-prehistorico-gigante-descubierto-por-el-museo-paleontologico\/img_20190326_143411\/\" data-orig-file=\"https:\/\/eldiariodesanpedro.com.ar\/sitio\/wp-content\/uploads\/2019\/03\/IMG_20190326_143411.jpg\" data-orig-size=\"2560,1440\" data-comments-opened=\"1\" data-image-meta=\"{&quot;aperture&quot;:&quot;2.4&quot;,&quot;credit&quot;:&quot;&quot;,&quot;camera&quot;:&quot;LG-X230&quot;,&quot;caption&quot;:&quot;&quot;,&quot;created_timestamp&quot;:&quot;1553610851&quot;,&quot;copyright&quot;:&quot;&quot;,&quot;focal_length&quot;:&quot;3.5&quot;,&quot;iso&quot;:&quot;779&quot;,&quot;shutter_speed&quot;:&quot;0.090007&quot;,&quot;title&quot;:&quot;&quot;,&quot;orientation&quot;:&quot;1&quot;}\" data-image-title=\"IMG_20190326_143411\" data-image-description=\"\" data-image-caption=\"\" data-large-file=\"https:\/\/eldiariodesanpedro.com.ar\/sitio\/wp-content\/uploads\/2019\/03\/IMG_20190326_143411-1024x576.jpg\" data-src=\"https:\/\/i1.wp.com\/eldiariodesanpedro.com.ar\/sitio\/wp-content\/uploads\/2019\/03\/IMG_20190326_143411.jpg?fit=660%2C371\" alt=\"\" class=\"wp-image-49640 lazyload\" data-srcset=\"https:\/\/eldiariodesanpedro.com.ar\/sitio\/wp-content\/uploads\/2019\/03\/IMG_20190326_143411.jpg 2560w, https:\/\/eldiariodesanpedro.com.ar\/sitio\/wp-content\/uploads\/2019\/03\/IMG_20190326_143411-300x169.jpg 300w, https:\/\/eldiariodesanpedro.com.ar\/sitio\/wp-content\/uploads\/2019\/03\/IMG_20190326_143411-768x432.jpg 768w, https:\/\/eldiariodesanpedro.com.ar\/sitio\/wp-content\/uploads\/2019\/03\/IMG_20190326_143411-1024x576.jpg 1024w\" data-sizes=\"(max-width: 2560px) 100vw, 2560px\" src=\"data:image\/svg+xml;base64,PHN2ZyB3aWR0aD0iMSIgaGVpZ2h0PSIxIiB4bWxucz0iaHR0cDovL3d3dy53My5vcmcvMjAwMC9zdmciPjwvc3ZnPg==\" style=\"--smush-placeholder-width: 2560px; --smush-placeholder-aspect-ratio: 2560\/1440;\" \/><\/figure>\n\n\n\n<figure class=\"wp-block-image\"><img decoding=\"async\" width=\"3840\" height=\"2160\" data-attachment-id=\"49641\" data-permalink=\"https:\/\/eldiariodesanpedro.com.ar\/sitio\/la-agencia-de-noticias-alemana-ruptly-visito-san-pedro-interesada-en-el-hallazgo-del-oso-prehistorico-gigante-descubierto-por-el-museo-paleontologico\/img_20190326_153759\/\" data-orig-file=\"https:\/\/eldiariodesanpedro.com.ar\/sitio\/wp-content\/uploads\/2019\/03\/IMG_20190326_153759.jpg\" data-orig-size=\"3840,2160\" data-comments-opened=\"1\" data-image-meta=\"{&quot;aperture&quot;:&quot;2&quot;,&quot;credit&quot;:&quot;&quot;,&quot;camera&quot;:&quot;LG-X230&quot;,&quot;caption&quot;:&quot;&quot;,&quot;created_timestamp&quot;:&quot;1553614679&quot;,&quot;copyright&quot;:&quot;&quot;,&quot;focal_length&quot;:&quot;3.5&quot;,&quot;iso&quot;:&quot;126&quot;,&quot;shutter_speed&quot;:&quot;0.000436&quot;,&quot;title&quot;:&quot;&quot;,&quot;orientation&quot;:&quot;1&quot;}\" data-image-title=\"IMG_20190326_153759\" data-image-description=\"\" data-image-caption=\"\" data-large-file=\"https:\/\/eldiariodesanpedro.com.ar\/sitio\/wp-content\/uploads\/2019\/03\/IMG_20190326_153759-1024x576.jpg\" data-src=\"https:\/\/i1.wp.com\/eldiariodesanpedro.com.ar\/sitio\/wp-content\/uploads\/2019\/03\/IMG_20190326_153759.jpg?fit=660%2C371\" alt=\"\" class=\"wp-image-49641 lazyload\" data-srcset=\"https:\/\/eldiariodesanpedro.com.ar\/sitio\/wp-content\/uploads\/2019\/03\/IMG_20190326_153759.jpg 3840w, https:\/\/eldiariodesanpedro.com.ar\/sitio\/wp-content\/uploads\/2019\/03\/IMG_20190326_153759-300x169.jpg 300w, https:\/\/eldiariodesanpedro.com.ar\/sitio\/wp-content\/uploads\/2019\/03\/IMG_20190326_153759-768x432.jpg 768w, https:\/\/eldiariodesanpedro.com.ar\/sitio\/wp-content\/uploads\/2019\/03\/IMG_20190326_153759-1024x576.jpg 1024w\" data-sizes=\"(max-width: 3840px) 100vw, 3840px\" src=\"data:image\/svg+xml;base64,PHN2ZyB3aWR0aD0iMSIgaGVpZ2h0PSIxIiB4bWxucz0iaHR0cDovL3d3dy53My5vcmcvMjAwMC9zdmciPjwvc3ZnPg==\" style=\"--smush-placeholder-width: 3840px; --smush-placeholder-aspect-ratio: 3840\/2160;\" \/><\/figure>\n\n\n\n<figure class=\"wp-block-image\"><img decoding=\"async\" width=\"1280\" height=\"960\" data-attachment-id=\"49642\" data-permalink=\"https:\/\/eldiariodesanpedro.com.ar\/sitio\/la-agencia-de-noticias-alemana-ruptly-visito-san-pedro-interesada-en-el-hallazgo-del-oso-prehistorico-gigante-descubierto-por-el-museo-paleontologico\/img-20190326-wa0027\/\" data-orig-file=\"https:\/\/eldiariodesanpedro.com.ar\/sitio\/wp-content\/uploads\/2019\/03\/IMG-20190326-WA0027.jpg\" data-orig-size=\"1280,960\" data-comments-opened=\"1\" data-image-meta=\"{&quot;aperture&quot;:&quot;0&quot;,&quot;credit&quot;:&quot;&quot;,&quot;camera&quot;:&quot;&quot;,&quot;caption&quot;:&quot;&quot;,&quot;created_timestamp&quot;:&quot;0&quot;,&quot;copyright&quot;:&quot;&quot;,&quot;focal_length&quot;:&quot;0&quot;,&quot;iso&quot;:&quot;0&quot;,&quot;shutter_speed&quot;:&quot;0&quot;,&quot;title&quot;:&quot;&quot;,&quot;orientation&quot;:&quot;0&quot;}\" data-image-title=\"IMG-20190326-WA0027\" data-image-description=\"\" data-image-caption=\"\" data-large-file=\"https:\/\/eldiariodesanpedro.com.ar\/sitio\/wp-content\/uploads\/2019\/03\/IMG-20190326-WA0027-1024x768.jpg\" data-src=\"https:\/\/i1.wp.com\/eldiariodesanpedro.com.ar\/sitio\/wp-content\/uploads\/2019\/03\/IMG-20190326-WA0027.jpg?fit=660%2C495\" alt=\"\" class=\"wp-image-49642 lazyload\" data-srcset=\"https:\/\/eldiariodesanpedro.com.ar\/sitio\/wp-content\/uploads\/2019\/03\/IMG-20190326-WA0027.jpg 1280w, https:\/\/eldiariodesanpedro.com.ar\/sitio\/wp-content\/uploads\/2019\/03\/IMG-20190326-WA0027-300x225.jpg 300w, https:\/\/eldiariodesanpedro.com.ar\/sitio\/wp-content\/uploads\/2019\/03\/IMG-20190326-WA0027-768x576.jpg 768w, https:\/\/eldiariodesanpedro.com.ar\/sitio\/wp-content\/uploads\/2019\/03\/IMG-20190326-WA0027-1024x768.jpg 1024w\" data-sizes=\"(max-width: 1280px) 100vw, 1280px\" src=\"data:image\/svg+xml;base64,PHN2ZyB3aWR0aD0iMSIgaGVpZ2h0PSIxIiB4bWxucz0iaHR0cDovL3d3dy53My5vcmcvMjAwMC9zdmciPjwvc3ZnPg==\" style=\"--smush-placeholder-width: 1280px; --smush-placeholder-aspect-ratio: 1280\/960;\" \/><\/figure>\n\n\n\n<figure class=\"wp-block-image\"><img decoding=\"async\" width=\"960\" height=\"1280\" data-attachment-id=\"49643\" data-permalink=\"https:\/\/eldiariodesanpedro.com.ar\/sitio\/la-agencia-de-noticias-alemana-ruptly-visito-san-pedro-interesada-en-el-hallazgo-del-oso-prehistorico-gigante-descubierto-por-el-museo-paleontologico\/img-20190326-wa0021\/\" data-orig-file=\"https:\/\/eldiariodesanpedro.com.ar\/sitio\/wp-content\/uploads\/2019\/03\/IMG-20190326-WA0021.jpg\" data-orig-size=\"960,1280\" data-comments-opened=\"1\" data-image-meta=\"{&quot;aperture&quot;:&quot;0&quot;,&quot;credit&quot;:&quot;&quot;,&quot;camera&quot;:&quot;&quot;,&quot;caption&quot;:&quot;&quot;,&quot;created_timestamp&quot;:&quot;0&quot;,&quot;copyright&quot;:&quot;&quot;,&quot;focal_length&quot;:&quot;0&quot;,&quot;iso&quot;:&quot;0&quot;,&quot;shutter_speed&quot;:&quot;0&quot;,&quot;title&quot;:&quot;&quot;,&quot;orientation&quot;:&quot;0&quot;}\" data-image-title=\"IMG-20190326-WA0021\" data-image-description=\"\" data-image-caption=\"\" data-large-file=\"https:\/\/eldiariodesanpedro.com.ar\/sitio\/wp-content\/uploads\/2019\/03\/IMG-20190326-WA0021-768x1024.jpg\" data-src=\"https:\/\/i0.wp.com\/eldiariodesanpedro.com.ar\/sitio\/wp-content\/uploads\/2019\/03\/IMG-20190326-WA0021.jpg?fit=660%2C880\" alt=\"\" class=\"wp-image-49643 lazyload\" data-srcset=\"https:\/\/eldiariodesanpedro.com.ar\/sitio\/wp-content\/uploads\/2019\/03\/IMG-20190326-WA0021.jpg 960w, https:\/\/eldiariodesanpedro.com.ar\/sitio\/wp-content\/uploads\/2019\/03\/IMG-20190326-WA0021-225x300.jpg 225w, https:\/\/eldiariodesanpedro.com.ar\/sitio\/wp-content\/uploads\/2019\/03\/IMG-20190326-WA0021-768x1024.jpg 768w\" data-sizes=\"(max-width: 960px) 100vw, 960px\" src=\"data:image\/svg+xml;base64,PHN2ZyB3aWR0aD0iMSIgaGVpZ2h0PSIxIiB4bWxucz0iaHR0cDovL3d3dy53My5vcmcvMjAwMC9zdmciPjwvc3ZnPg==\" style=\"--smush-placeholder-width: 960px; --smush-placeholder-aspect-ratio: 960\/1280;\" \/><\/figure>\n","protected":false},"excerpt":{"rendered":"<p>En la tarde de ayer, lleg\u00f3 a San Pedro\u00a0Leandro Vallerino, corresponsal en Argentina de la\u00a0agencia alemana de noticias RUPTLY,\u00a0interesado en entrevistar al equipo del Museo Paleontol\u00f3gico de nuestra ciudad por el descubrimiento de los restos fosilizados del\u00a0oso prehist\u00f3rico gigante\u00a0hallado en el predio de la\u00a0empresa Tosquera San Pedro,\u00a0de la familia Iglesias. Para la entrevista se tomaron [&hellip;]<\/p>\n","protected":false},"author":4,"featured_media":49642,"comment_status":"open","ping_status":"closed","sticky":false,"template":"","format":"standard","meta":{"om_disable_all_campaigns":false,"_jetpack_memberships_contains_paid_content":false,"footnotes":""},"categories":[101,2],"tags":[],"class_list":["post-49639","post","type-post","status-publish","format-standard","has-post-thumbnail","hentry","category-interes-general-locales","category-locales"],"aioseo_notices":[],"gutentor_comment":0,"jetpack_featured_media_url":"https:\/\/eldiariodesanpedro.com.ar\/sitio\/wp-content\/uploads\/2019\/03\/IMG-20190326-WA0027.jpg","jetpack_shortlink":"https:\/\/wp.me\/p6RhLt-cUD","jetpack_sharing_enabled":true,"_links":{"self":[{"href":"https:\/\/eldiariodesanpedro.com.ar\/sitio\/wp-json\/wp\/v2\/posts\/49639","targetHints":{"allow":["GET"]}}],"collection":[{"href":"https:\/\/eldiariodesanpedro.com.ar\/sitio\/wp-json\/wp\/v2\/posts"}],"about":[{"href":"https:\/\/eldiariodesanpedro.com.ar\/sitio\/wp-json\/wp\/v2\/types\/post"}],"author":[{"embeddable":true,"href":"https:\/\/eldiariodesanpedro.com.ar\/sitio\/wp-json\/wp\/v2\/users\/4"}],"replies":[{"embeddable":true,"href":"https:\/\/eldiariodesanpedro.com.ar\/sitio\/wp-json\/wp\/v2\/comments?post=49639"}],"version-history":[{"count":1,"href":"https:\/\/eldiariodesanpedro.com.ar\/sitio\/wp-json\/wp\/v2\/posts\/49639\/revisions"}],"predecessor-version":[{"id":49644,"href":"https:\/\/eldiariodesanpedro.com.ar\/sitio\/wp-json\/wp\/v2\/posts\/49639\/revisions\/49644"}],"wp:featuredmedia":[{"embeddable":true,"href":"https:\/\/eldiariodesanpedro.com.ar\/sitio\/wp-json\/wp\/v2\/media\/49642"}],"wp:attachment":[{"href":"https:\/\/eldiariodesanpedro.com.ar\/sitio\/wp-json\/wp\/v2\/media?parent=49639"}],"wp:term":[{"taxonomy":"category","embeddable":true,"href":"https:\/\/eldiariodesanpedro.com.ar\/sitio\/wp-json\/wp\/v2\/categories?post=49639"},{"taxonomy":"post_tag","embeddable":true,"href":"https:\/\/eldiariodesanpedro.com.ar\/sitio\/wp-json\/wp\/v2\/tags?post=49639"}],"curies":[{"name":"wp","href":"https:\/\/api.w.org\/{rel}","templated":true}]}}