{"id":49634,"date":"2019-03-27T09:50:29","date_gmt":"2019-03-27T12:50:29","guid":{"rendered":"https:\/\/eldiariodesanpedro.com.ar\/sitio\/?p=49634"},"modified":"2019-03-27T09:50:38","modified_gmt":"2019-03-27T12:50:38","slug":"convenio-con-la-universidad-de-3-de-febrero-para-becas-del-50-un-posgrado-en-gestion-logistica-con-orientacion-en-alimentos","status":"publish","type":"post","link":"https:\/\/eldiariodesanpedro.com.ar\/sitio\/convenio-con-la-universidad-de-3-de-febrero-para-becas-del-50-un-posgrado-en-gestion-logistica-con-orientacion-en-alimentos\/","title":{"rendered":"Convenio con la Universidad de 3 de Febrero  para becas del 50% un posgrado en Gesti\u00f3n Log\u00edstica con orientaci\u00f3n en alimentos"},"content":{"rendered":"<!-- VideographyWP Plugin Message: Automatic video embedding prevented by plugin options. -->\n\n<p>El Centro de Comercio Industria y Turismo de San Pedro informa que a trav\u00e9s de un acuerdo con la Universidad Nacional de 3 de Febrero, est\u00e1n disponibles por tiempo limitado 10 becas equivalentes al 50% del arancel para cursar un Posgrado en Gesti\u00f3n Log\u00edstica con orientaci\u00f3n en los Alimentos.<br><\/p>\n\n\n\n<p>Tal como fue planteado dentro de los objetivos en esta nueva etapa tras la renovaci\u00f3n de autoridades, comienzan a plasmarse propuestas orientadas a interesar a sampedrinos en la formaci\u00f3n y la capacitaci\u00f3n, con el objetivo de acercar oportunidades que puedan ser tomadas por los interesados en estos temas.<\/p>\n\n\n\n<p>El curso de posgrado prev\u00e9 cubrir la Gesti\u00f3n Log\u00edstica con orientaci\u00f3n en Alimentos con el objeto de abracar la tem\u00e1tica en su diversidad de sectores y productos con sus diferentes requisitos, las normativas vigentes en materia de log\u00edstica, la nueva tecnologia a aplicar en los alimentos para alcanzar altos niveles de calidad en el manejo y distribuci\u00f3n. El dise\u00f1o curricular abarca las grandes \u00e1reas de la log\u00edstica: aprovisionamiento y compras, planificaci\u00f3n y producci\u00f3n, distribuci\u00f3n f\u00edsica y almacenaje, con el objeto de estudiar sus caracteristicas y particularidades, y analizar desde un punto de vista pr\u00e1ctico sus procesos, as\u00ed como la metodolog\u00eda que permite optimizar resultados, por \u00e1rea y en forma global.<\/p>\n\n\n\n<p>Est\u00e1 dirigido a profesionales y empresarios que desempe\u00f1an tareas ejecutivas en empresas e instituciones del sistema logistico empresario del sector alimentario, y empresas dedicadas a la produccion y comercializacion de insumos; empresas agropecuarias, cooperativas, acopios y exportadores, bancos, seguros y operadores el mercado; agroindustriales, de logistica y distribuci\u00f3n, y del comercio minorista.<\/p>\n\n\n\n<p>El programa de estudios consta de once (13) m\u00f3dulos te\u00f3rico \u2013 pr\u00e1cticos y un m\u00f3dulo pr\u00e1ctico; totalizando una carga horaria de 184 hs a cursar en 10 meses. Tendr\u00e1 un dictado en forma presencial y los m\u00f3dulos cursados podr\u00e1n ser reconocidos para otras especializaciones y maestr\u00edas de la UNTREF cuando las curr\u00edculas y planes de estudio as\u00ed lo habiliten. Las clases se desarrollar\u00e1n el \u00faltimo viernes (10 a 19 hs) y s\u00e1bado (10 a 19hs) de cada mes, durante 10 meses. Las clases se dictar\u00e1n en la Sede Centro Cultural Borges, Viamonte 525, 3er. piso, Pabell\u00f3n de Las Naciones, C.A.B.A.<\/p>\n\n\n\n<p>Para acceder a esta carrera se requiere ser graduado universitario con t\u00edtulo de grado de una carrera de cuatro (4) a\u00f1os de duraci\u00f3n como m\u00ednimo, en una universidad reconocida. Los graduados en carreras de duraci\u00f3n menor de cuatro (4) a\u00f1os y empresarios que acrediten vasta experiencia en la materia podr\u00e1n postularse para el ingreso, previo cumplimiento de los requisitos que la Coordinaci\u00f3n del Curso determine.<\/p>\n\n\n\n<p>Los alumnos que posean t\u00edtulos universitarios de carreras de cuatro o m\u00e1s a\u00f1os de duraci\u00f3n y completan las actividades previstas y aprueban las evaluaciones obtienen el Certificado del Curso de Posgrado en Gesti\u00f3n Log\u00edstica con orientaci\u00f3n en Alimentos y los que no posean t\u00edtulos acceden a la&nbsp; Diplomatura en Gesti\u00f3n Log\u00edstica con orientaci\u00f3n en Alimentos. En todos los casos los Certificados son emitidos por la Universidad Nacional de Tres de Febrero. y en el que corresponda acompa\u00f1ara el Logo de la Organizaci\u00f3n\/ Instituci\u00f3n Acad\u00e9mica con la que se haya realizado alianza estrat\u00e9gica para el dictado del curso de posgrado.&nbsp;<\/p>\n\n\n\n<p>Agradecemos compartir esta informaci\u00f3n con posibles interesados, empresas e instituciones relacionadas con el tema. Para mayor informaci\u00f3n o inscripciones pueden dirigirse a las oficinas del Centro de Comercio, comunicarse al 03329-423386 o escribir a&nbsp;<a href=\"mailto:gerenciacentro@arnetbiz.com.ar\" target=\"_blank\" rel=\"noreferrer noopener\">gerenciacentro@arnetbiz.com.ar<\/a>. Las clases comienzan el 5 de abril pero la oportunidad de inscribirse estar\u00e1 abierta hasta el 25 del mismo mes.<\/p>\n","protected":false},"excerpt":{"rendered":"<p>El Centro de Comercio Industria y Turismo de San Pedro informa que a trav\u00e9s de un acuerdo con la Universidad Nacional de 3 de Febrero, est\u00e1n disponibles por tiempo limitado 10 becas equivalentes al 50% del arancel para cursar un Posgrado en Gesti\u00f3n Log\u00edstica con orientaci\u00f3n en los Alimentos. Tal como fue planteado dentro de [&hellip;]<\/p>\n","protected":false},"author":4,"featured_media":49635,"comment_status":"open","ping_status":"closed","sticky":false,"template":"","format":"standard","meta":{"om_disable_all_campaigns":false,"_jetpack_memberships_contains_paid_content":false,"footnotes":""},"categories":[101,2],"tags":[],"class_list":["post-49634","post","type-post","status-publish","format-standard","has-post-thumbnail","hentry","category-interes-general-locales","category-locales"],"aioseo_notices":[],"gutentor_comment":0,"jetpack_featured_media_url":"https:\/\/eldiariodesanpedro.com.ar\/sitio\/wp-content\/uploads\/2019\/03\/Universidad-Nacional-Tres-Febrero1_Carrusel.jpg","jetpack_shortlink":"https:\/\/wp.me\/p6RhLt-cUy","jetpack_sharing_enabled":true,"_links":{"self":[{"href":"https:\/\/eldiariodesanpedro.com.ar\/sitio\/wp-json\/wp\/v2\/posts\/49634","targetHints":{"allow":["GET"]}}],"collection":[{"href":"https:\/\/eldiariodesanpedro.com.ar\/sitio\/wp-json\/wp\/v2\/posts"}],"about":[{"href":"https:\/\/eldiariodesanpedro.com.ar\/sitio\/wp-json\/wp\/v2\/types\/post"}],"author":[{"embeddable":true,"href":"https:\/\/eldiariodesanpedro.com.ar\/sitio\/wp-json\/wp\/v2\/users\/4"}],"replies":[{"embeddable":true,"href":"https:\/\/eldiariodesanpedro.com.ar\/sitio\/wp-json\/wp\/v2\/comments?post=49634"}],"version-history":[{"count":1,"href":"https:\/\/eldiariodesanpedro.com.ar\/sitio\/wp-json\/wp\/v2\/posts\/49634\/revisions"}],"predecessor-version":[{"id":49636,"href":"https:\/\/eldiariodesanpedro.com.ar\/sitio\/wp-json\/wp\/v2\/posts\/49634\/revisions\/49636"}],"wp:featuredmedia":[{"embeddable":true,"href":"https:\/\/eldiariodesanpedro.com.ar\/sitio\/wp-json\/wp\/v2\/media\/49635"}],"wp:attachment":[{"href":"https:\/\/eldiariodesanpedro.com.ar\/sitio\/wp-json\/wp\/v2\/media?parent=49634"}],"wp:term":[{"taxonomy":"category","embeddable":true,"href":"https:\/\/eldiariodesanpedro.com.ar\/sitio\/wp-json\/wp\/v2\/categories?post=49634"},{"taxonomy":"post_tag","embeddable":true,"href":"https:\/\/eldiariodesanpedro.com.ar\/sitio\/wp-json\/wp\/v2\/tags?post=49634"}],"curies":[{"name":"wp","href":"https:\/\/api.w.org\/{rel}","templated":true}]}}