{"id":49622,"date":"2019-03-26T17:40:52","date_gmt":"2019-03-26T20:40:52","guid":{"rendered":"https:\/\/eldiariodesanpedro.com.ar\/sitio\/?p=49622"},"modified":"2019-03-26T17:41:04","modified_gmt":"2019-03-26T20:41:04","slug":"ioma-firmo-un-convenio-con-cepsal","status":"publish","type":"post","link":"https:\/\/eldiariodesanpedro.com.ar\/sitio\/ioma-firmo-un-convenio-con-cepsal\/","title":{"rendered":"IOMA firm\u00f3 un convenio con CEPSAL"},"content":{"rendered":"<!-- VideographyWP Plugin Message: Automatic video embedding prevented by plugin options. -->\n\n<p> El presidente de IOMA, Pablo Di Liscia, y su par de la C\u00e1mara de Entidades Prestadoras de Salud (CEPSAL), Dr. Ricardo Mois\u00e9s, firmaron este martes un convenio entre ambas organizaciones, con el objetivo de aumentar la cobertura prestacional de la obra social en todas las regiones sanitarias de la Provincia.<\/p>\n\n\n\n<p>El acuerdo, que se rubric\u00f3 en la sede central de IOMA en La Plata, permitir\u00e1 un mayor control y monitoreo de los procesos prestacionales, ya que contempla un espacio de auditor\u00edas compartidas entre ambas instituciones, que a su vez garantizar\u00e1 un proceder m\u00e1s eficaz ante cualquier irregularidad detectada por parte de un prestador.\u00a0<\/p>\n\n\n\n<p>Participaron de la reuni\u00f3n el secretario de CEPSAL, Dr. Mario Lugones, su tesorero, Dr. Eduardo Cardus y directivos de IOMA.&nbsp;<\/p>\n\n\n\n<p>La C\u00e1mara de Entidades Prestadoras de Salud es una asociaci\u00f3n civil sin fines de lucro integrada por instituciones y empresas de salud con representaci\u00f3n en todo el pa\u00eds, que presta servicios a m\u00e1s del 60% de los beneficiarios de la seguridad social a trav\u00e9s de la mayor\u00eda de las obras sociales.<\/p>\n\n\n\n<p>La presencia de CEPSAL asegura una mayor representatividad del sector prestador para garantizar niveles de eficiencia organizacional y calidad prestacional en el marco de una pol\u00edtica de salud solidaria y equitativa. <\/p>\n","protected":false},"excerpt":{"rendered":"<p>El presidente de IOMA, Pablo Di Liscia, y su par de la C\u00e1mara de Entidades Prestadoras de Salud (CEPSAL), Dr. Ricardo Mois\u00e9s, firmaron este martes un convenio entre ambas organizaciones, con el objetivo de aumentar la cobertura prestacional de la obra social en todas las regiones sanitarias de la Provincia. El acuerdo, que se rubric\u00f3 [&hellip;]<\/p>\n","protected":false},"author":4,"featured_media":49623,"comment_status":"open","ping_status":"closed","sticky":false,"template":"","format":"standard","meta":{"om_disable_all_campaigns":false,"_jetpack_memberships_contains_paid_content":false,"footnotes":""},"categories":[101,2],"tags":[],"class_list":["post-49622","post","type-post","status-publish","format-standard","has-post-thumbnail","hentry","category-interes-general-locales","category-locales"],"aioseo_notices":[],"gutentor_comment":0,"jetpack_featured_media_url":"https:\/\/eldiariodesanpedro.com.ar\/sitio\/wp-content\/uploads\/2019\/03\/Convenio-IOMA-CEPSAL.jpg","jetpack_shortlink":"https:\/\/wp.me\/p6RhLt-cUm","jetpack_sharing_enabled":true,"_links":{"self":[{"href":"https:\/\/eldiariodesanpedro.com.ar\/sitio\/wp-json\/wp\/v2\/posts\/49622","targetHints":{"allow":["GET"]}}],"collection":[{"href":"https:\/\/eldiariodesanpedro.com.ar\/sitio\/wp-json\/wp\/v2\/posts"}],"about":[{"href":"https:\/\/eldiariodesanpedro.com.ar\/sitio\/wp-json\/wp\/v2\/types\/post"}],"author":[{"embeddable":true,"href":"https:\/\/eldiariodesanpedro.com.ar\/sitio\/wp-json\/wp\/v2\/users\/4"}],"replies":[{"embeddable":true,"href":"https:\/\/eldiariodesanpedro.com.ar\/sitio\/wp-json\/wp\/v2\/comments?post=49622"}],"version-history":[{"count":1,"href":"https:\/\/eldiariodesanpedro.com.ar\/sitio\/wp-json\/wp\/v2\/posts\/49622\/revisions"}],"predecessor-version":[{"id":49624,"href":"https:\/\/eldiariodesanpedro.com.ar\/sitio\/wp-json\/wp\/v2\/posts\/49622\/revisions\/49624"}],"wp:featuredmedia":[{"embeddable":true,"href":"https:\/\/eldiariodesanpedro.com.ar\/sitio\/wp-json\/wp\/v2\/media\/49623"}],"wp:attachment":[{"href":"https:\/\/eldiariodesanpedro.com.ar\/sitio\/wp-json\/wp\/v2\/media?parent=49622"}],"wp:term":[{"taxonomy":"category","embeddable":true,"href":"https:\/\/eldiariodesanpedro.com.ar\/sitio\/wp-json\/wp\/v2\/categories?post=49622"},{"taxonomy":"post_tag","embeddable":true,"href":"https:\/\/eldiariodesanpedro.com.ar\/sitio\/wp-json\/wp\/v2\/tags?post=49622"}],"curies":[{"name":"wp","href":"https:\/\/api.w.org\/{rel}","templated":true}]}}