{"id":49619,"date":"2019-03-26T17:32:22","date_gmt":"2019-03-26T20:32:22","guid":{"rendered":"https:\/\/eldiariodesanpedro.com.ar\/sitio\/?p=49619"},"modified":"2019-03-26T17:32:32","modified_gmt":"2019-03-26T20:32:32","slug":"el-sec-entrego-mas-de-300-kits-escolares-y-libros-para-los-mejores-promedios","status":"publish","type":"post","link":"https:\/\/eldiariodesanpedro.com.ar\/sitio\/el-sec-entrego-mas-de-300-kits-escolares-y-libros-para-los-mejores-promedios\/","title":{"rendered":"El SEC entreg\u00f3 m\u00e1s de 300 kits escolares y libros para los mejores promedios"},"content":{"rendered":"<!-- VideographyWP Plugin Message: Automatic video embedding prevented by plugin options. -->\n\n<p>\n\nEl Sindicato de Empleados de Comercio complet\u00f3 como todos los a\u00f1os, en el comienzo del ciclo lectivo, la entrega de materiales para los alumnos hijos de afiliados realizando de este modo un aporte fundamental para la econom\u00eda de decenas de familias.&nbsp;<\/p>\n\n\n\n<p>En las actuales condiciones econ\u00f3micas este tipo de aporte constituye, por un lado, un gran esfuerzo para la administraci\u00f3n del gremio, e indudablemente es un compromiso trascendental con los afiliados a quienes se acompa\u00f1a durante todo el a\u00f1o.<\/p>\n\n\n\n<p>Para el ciclo lectivo 2019 se entregaron 320 kits escolares completos, guardapolvos, pecheras y chombas para los diferentes establecimientos. Adem\u00e1s manteniendo una tradici\u00f3n que ratifica el compromiso con la educaci\u00f3n y con el premio a quienes se esfuerzan por superarse todos los d\u00edas, se cumpli\u00f3 con la entrega de la totalidad del material bibliogr\u00e1fico necesario para este a\u00f1o, a aquellos que finalizaron el a\u00f1o anterior con los mejores promedios. Esta entrega comprende libros de texto para j\u00f3venes hijos de afiliados, de diferentes edades y colegios.<\/p>\n\n\n\n<p>De esta manera compartimos el orgullo de seguir respaldando la educaci\u00f3n en estos niveles y al mismo tiempo seguir trabajando con la generaci\u00f3n de oportunidades de capacitaci\u00f3n para adultos en diferentes especialidades a trav\u00e9s de nuestro Centro de Formaci\u00f3n Profesional.\n\n<\/p>\n","protected":false},"excerpt":{"rendered":"<p>El Sindicato de Empleados de Comercio complet\u00f3 como todos los a\u00f1os, en el comienzo del ciclo lectivo, la entrega de materiales para los alumnos hijos de afiliados realizando de este modo un aporte fundamental para la econom\u00eda de decenas de familias.&nbsp; En las actuales condiciones econ\u00f3micas este tipo de aporte constituye, por un lado, un [&hellip;]<\/p>\n","protected":false},"author":4,"featured_media":49620,"comment_status":"open","ping_status":"closed","sticky":false,"template":"","format":"standard","meta":{"om_disable_all_campaigns":false,"_jetpack_memberships_contains_paid_content":false,"footnotes":""},"categories":[101,2],"tags":[],"class_list":["post-49619","post","type-post","status-publish","format-standard","has-post-thumbnail","hentry","category-interes-general-locales","category-locales"],"aioseo_notices":[],"gutentor_comment":0,"jetpack_featured_media_url":"https:\/\/eldiariodesanpedro.com.ar\/sitio\/wp-content\/uploads\/2019\/03\/unnamed-6.jpg","jetpack_shortlink":"https:\/\/wp.me\/p6RhLt-cUj","jetpack_sharing_enabled":true,"_links":{"self":[{"href":"https:\/\/eldiariodesanpedro.com.ar\/sitio\/wp-json\/wp\/v2\/posts\/49619","targetHints":{"allow":["GET"]}}],"collection":[{"href":"https:\/\/eldiariodesanpedro.com.ar\/sitio\/wp-json\/wp\/v2\/posts"}],"about":[{"href":"https:\/\/eldiariodesanpedro.com.ar\/sitio\/wp-json\/wp\/v2\/types\/post"}],"author":[{"embeddable":true,"href":"https:\/\/eldiariodesanpedro.com.ar\/sitio\/wp-json\/wp\/v2\/users\/4"}],"replies":[{"embeddable":true,"href":"https:\/\/eldiariodesanpedro.com.ar\/sitio\/wp-json\/wp\/v2\/comments?post=49619"}],"version-history":[{"count":1,"href":"https:\/\/eldiariodesanpedro.com.ar\/sitio\/wp-json\/wp\/v2\/posts\/49619\/revisions"}],"predecessor-version":[{"id":49621,"href":"https:\/\/eldiariodesanpedro.com.ar\/sitio\/wp-json\/wp\/v2\/posts\/49619\/revisions\/49621"}],"wp:featuredmedia":[{"embeddable":true,"href":"https:\/\/eldiariodesanpedro.com.ar\/sitio\/wp-json\/wp\/v2\/media\/49620"}],"wp:attachment":[{"href":"https:\/\/eldiariodesanpedro.com.ar\/sitio\/wp-json\/wp\/v2\/media?parent=49619"}],"wp:term":[{"taxonomy":"category","embeddable":true,"href":"https:\/\/eldiariodesanpedro.com.ar\/sitio\/wp-json\/wp\/v2\/categories?post=49619"},{"taxonomy":"post_tag","embeddable":true,"href":"https:\/\/eldiariodesanpedro.com.ar\/sitio\/wp-json\/wp\/v2\/tags?post=49619"}],"curies":[{"name":"wp","href":"https:\/\/api.w.org\/{rel}","templated":true}]}}