{"id":49614,"date":"2019-03-26T12:44:08","date_gmt":"2019-03-26T15:44:08","guid":{"rendered":"https:\/\/eldiariodesanpedro.com.ar\/sitio\/?p=49614"},"modified":"2019-03-26T12:46:18","modified_gmt":"2019-03-26T15:46:18","slug":"baradero-antonijevic-hablo-sobre-las-paritarias-tenemos-el-dialogo-que-corresponde-tener","status":"publish","type":"post","link":"https:\/\/eldiariodesanpedro.com.ar\/sitio\/baradero-antonijevic-hablo-sobre-las-paritarias-tenemos-el-dialogo-que-corresponde-tener\/","title":{"rendered":"BARADERO: Antonijevic habl\u00f3 sobre las paritarias, \u201cTenemos el di\u00e1logo que corresponde tener\u201d"},"content":{"rendered":"<!-- VideographyWP Plugin Message: Automatic video embedding prevented by plugin options. -->\n\n<p>As\u00ed lo manifest\u00f3 la jefa comunal al ser consultada tras la reuni\u00f3n que mantuvo el pasado jueves con los gremios en la etapa de discusi\u00f3n paritaria de este a\u00f1o.<\/p>\n\n\n\n<p>\u201cCada cu\u00e1l tiene sus pretensiones y estamos haciendo propuestas que ataquen la inaci\u00f3n\u201d, manifest\u00f3 Antonijevic sobre el pedido formulado por los gremios. \u201cSe han planteado algunas inquietudes respecto de la situaci\u00f3n econ\u00f3mica del municipio. Y les hemos dicho que es una situaci\u00f3n complicada econ\u00f3micamente y desde ah\u00ed el esfuerzo que tiene que hacer cada uno para lograr un acuerdo equilibrado\u201d, sentenci\u00f3. \u201cEsperamos llegar a un acuerdo equilibrado\u201d, puntualiz\u00f3. \u201cTenemos el di\u00e1logo que corresponde tener\u201d, concluy\u00f3.<\/p>\n","protected":false},"excerpt":{"rendered":"<p>As\u00ed lo manifest\u00f3 la jefa comunal al ser consultada tras la reuni\u00f3n que mantuvo el pasado jueves con los gremios en la etapa de discusi\u00f3n paritaria de este a\u00f1o. \u201cCada cu\u00e1l tiene sus pretensiones y estamos haciendo propuestas que ataquen la inaci\u00f3n\u201d, manifest\u00f3 Antonijevic sobre el pedido formulado por los gremios. \u201cSe han planteado algunas [&hellip;]<\/p>\n","protected":false},"author":4,"featured_media":49615,"comment_status":"open","ping_status":"closed","sticky":false,"template":"","format":"standard","meta":{"om_disable_all_campaigns":false,"_jetpack_memberships_contains_paid_content":false,"footnotes":""},"categories":[621],"tags":[],"class_list":["post-49614","post","type-post","status-publish","format-standard","has-post-thumbnail","hentry","category-regionales"],"aioseo_notices":[],"gutentor_comment":0,"jetpack_featured_media_url":"https:\/\/eldiariodesanpedro.com.ar\/sitio\/wp-content\/uploads\/2019\/03\/pers_fernanda_antonijevic251013331179_2.jpg","jetpack_shortlink":"https:\/\/wp.me\/p6RhLt-cUe","jetpack_sharing_enabled":true,"_links":{"self":[{"href":"https:\/\/eldiariodesanpedro.com.ar\/sitio\/wp-json\/wp\/v2\/posts\/49614","targetHints":{"allow":["GET"]}}],"collection":[{"href":"https:\/\/eldiariodesanpedro.com.ar\/sitio\/wp-json\/wp\/v2\/posts"}],"about":[{"href":"https:\/\/eldiariodesanpedro.com.ar\/sitio\/wp-json\/wp\/v2\/types\/post"}],"author":[{"embeddable":true,"href":"https:\/\/eldiariodesanpedro.com.ar\/sitio\/wp-json\/wp\/v2\/users\/4"}],"replies":[{"embeddable":true,"href":"https:\/\/eldiariodesanpedro.com.ar\/sitio\/wp-json\/wp\/v2\/comments?post=49614"}],"version-history":[{"count":2,"href":"https:\/\/eldiariodesanpedro.com.ar\/sitio\/wp-json\/wp\/v2\/posts\/49614\/revisions"}],"predecessor-version":[{"id":49617,"href":"https:\/\/eldiariodesanpedro.com.ar\/sitio\/wp-json\/wp\/v2\/posts\/49614\/revisions\/49617"}],"wp:featuredmedia":[{"embeddable":true,"href":"https:\/\/eldiariodesanpedro.com.ar\/sitio\/wp-json\/wp\/v2\/media\/49615"}],"wp:attachment":[{"href":"https:\/\/eldiariodesanpedro.com.ar\/sitio\/wp-json\/wp\/v2\/media?parent=49614"}],"wp:term":[{"taxonomy":"category","embeddable":true,"href":"https:\/\/eldiariodesanpedro.com.ar\/sitio\/wp-json\/wp\/v2\/categories?post=49614"},{"taxonomy":"post_tag","embeddable":true,"href":"https:\/\/eldiariodesanpedro.com.ar\/sitio\/wp-json\/wp\/v2\/tags?post=49614"}],"curies":[{"name":"wp","href":"https:\/\/api.w.org\/{rel}","templated":true}]}}