{"id":49611,"date":"2019-03-26T12:41:22","date_gmt":"2019-03-26T15:41:22","guid":{"rendered":"https:\/\/eldiariodesanpedro.com.ar\/sitio\/?p=49611"},"modified":"2019-03-26T12:41:32","modified_gmt":"2019-03-26T15:41:32","slug":"san-nicolas-dos-menores-internados-en-el-hospital-san-felipe-tras-la-tragedia-en-la-ruta-51","status":"publish","type":"post","link":"https:\/\/eldiariodesanpedro.com.ar\/sitio\/san-nicolas-dos-menores-internados-en-el-hospital-san-felipe-tras-la-tragedia-en-la-ruta-51\/","title":{"rendered":"SAN NICOL\u00c1S: Dos menores internados en el hospital San Felipe tras la tragedia en la Ruta 51"},"content":{"rendered":"<!-- VideographyWP Plugin Message: Automatic video embedding prevented by plugin options. -->\n\n<p>\n\nTras el fatal accidente ocurrido el domingo por la tarde en el cruce de la Ruta Provincial 51 y la Ruta Nacional 7, en el que fallecieron 9 personas, dos ni\u00f1os fueron derivados al hospital San Felipe para recibir atenci\u00f3n m\u00e9dica.<\/p>\n\n\n\n<p>El Director del Hospital, el Doctor Ra\u00fal Ruggieri, relat\u00f3 en Radio Net 95.7 que un ni\u00f1o de 7 a\u00f1os ingres\u00f3 con \u00abun traumatismo de cr\u00e1neo con fractura de la \u00f3rbita, politraumatismo m\u00faltiple, una contusi\u00f3n lateral pulmonar y traumatismo de abdomen\u00bb.\u00a0<br><br>Dijo adem\u00e1s, que afortunadamente, tanto en la zona del abdomen y t\u00f3rax tienen evoluci\u00f3n favorable seg\u00fan las diversas tomograf\u00edas que se le realizaron en los \u00faltimos tres d\u00edas.<br><br>El chiquito, que perdi\u00f3 en el accidente a su mam\u00e1, su pap\u00e1 y a dos hermanitos; est\u00e1 sedado, con asistencia respiratoria mec\u00e1nica por el traumatismo en el cr\u00e1neo con el que ingres\u00f3. Seg\u00fan relat\u00f3 Ruggieri, el paciente va evolucionando y de a poco el cuadro va mejorando.\u00a0<br><br>\u00abSigue conectado al respirador ya que es parte del tratamiento. El edema cerebral no ha avanzado, lo cual es un buen signo\u00bb, cont\u00f3 el Doctor.\u00a0<br><br>Tambi\u00e9n, ingres\u00f3 al hospital una peque\u00f1a de tres a\u00f1os con traumatismos m\u00faltiples que \u00abfelizmente ya fue derivada a la sala de pediatr\u00eda con buena evoluci\u00f3n y l\u00facida\u00bb, detall\u00f3 el Director del hospital. La mam\u00e1 de la menor falleci\u00f3 y su pareja fallecieron como consecuencia del choque, al igual que un hermanito de la ni\u00f1a.<br><br>La tragedia ocurri\u00f3 el \u00faltimo domingo entre una camioneta S-10 doble cabina y un cami\u00f3n, a la altura de Carmen de Areco. A bordo de la camioneta iba una familia gitana. En total era 16 personas y 9 de ellas perdieron la vida.\u00a0<\/p>\n\n\n\n<p>Fuente: Diario El Informante<\/p>\n","protected":false},"excerpt":{"rendered":"<p>Tras el fatal accidente ocurrido el domingo por la tarde en el cruce de la Ruta Provincial 51 y la Ruta Nacional 7, en el que fallecieron 9 personas, dos ni\u00f1os fueron derivados al hospital San Felipe para recibir atenci\u00f3n m\u00e9dica. El Director del Hospital, el Doctor Ra\u00fal Ruggieri, relat\u00f3 en Radio Net 95.7 que [&hellip;]<\/p>\n","protected":false},"author":4,"featured_media":49612,"comment_status":"open","ping_status":"closed","sticky":false,"template":"","format":"standard","meta":{"om_disable_all_campaigns":false,"_jetpack_memberships_contains_paid_content":false,"footnotes":""},"categories":[621],"tags":[],"class_list":["post-49611","post","type-post","status-publish","format-standard","has-post-thumbnail","hentry","category-regionales"],"aioseo_notices":[],"gutentor_comment":0,"jetpack_featured_media_url":"https:\/\/eldiariodesanpedro.com.ar\/sitio\/wp-content\/uploads\/2019\/03\/no_fpgyg8dogm4jbeesan_felipe.jpg","jetpack_shortlink":"https:\/\/wp.me\/p6RhLt-cUb","jetpack_sharing_enabled":true,"_links":{"self":[{"href":"https:\/\/eldiariodesanpedro.com.ar\/sitio\/wp-json\/wp\/v2\/posts\/49611","targetHints":{"allow":["GET"]}}],"collection":[{"href":"https:\/\/eldiariodesanpedro.com.ar\/sitio\/wp-json\/wp\/v2\/posts"}],"about":[{"href":"https:\/\/eldiariodesanpedro.com.ar\/sitio\/wp-json\/wp\/v2\/types\/post"}],"author":[{"embeddable":true,"href":"https:\/\/eldiariodesanpedro.com.ar\/sitio\/wp-json\/wp\/v2\/users\/4"}],"replies":[{"embeddable":true,"href":"https:\/\/eldiariodesanpedro.com.ar\/sitio\/wp-json\/wp\/v2\/comments?post=49611"}],"version-history":[{"count":1,"href":"https:\/\/eldiariodesanpedro.com.ar\/sitio\/wp-json\/wp\/v2\/posts\/49611\/revisions"}],"predecessor-version":[{"id":49613,"href":"https:\/\/eldiariodesanpedro.com.ar\/sitio\/wp-json\/wp\/v2\/posts\/49611\/revisions\/49613"}],"wp:featuredmedia":[{"embeddable":true,"href":"https:\/\/eldiariodesanpedro.com.ar\/sitio\/wp-json\/wp\/v2\/media\/49612"}],"wp:attachment":[{"href":"https:\/\/eldiariodesanpedro.com.ar\/sitio\/wp-json\/wp\/v2\/media?parent=49611"}],"wp:term":[{"taxonomy":"category","embeddable":true,"href":"https:\/\/eldiariodesanpedro.com.ar\/sitio\/wp-json\/wp\/v2\/categories?post=49611"},{"taxonomy":"post_tag","embeddable":true,"href":"https:\/\/eldiariodesanpedro.com.ar\/sitio\/wp-json\/wp\/v2\/tags?post=49611"}],"curies":[{"name":"wp","href":"https:\/\/api.w.org\/{rel}","templated":true}]}}