{"id":49608,"date":"2019-03-26T12:35:29","date_gmt":"2019-03-26T15:35:29","guid":{"rendered":"https:\/\/eldiariodesanpedro.com.ar\/sitio\/?p=49608"},"modified":"2019-03-26T12:35:40","modified_gmt":"2019-03-26T15:35:40","slug":"zarate-helicoptero-sanitario-traslado-a-un-bebe-recien-nacido-en-grave-estado","status":"publish","type":"post","link":"https:\/\/eldiariodesanpedro.com.ar\/sitio\/zarate-helicoptero-sanitario-traslado-a-un-bebe-recien-nacido-en-grave-estado\/","title":{"rendered":"Z\u00c1RATE: Helic\u00f3ptero sanitario traslado a un bebe reci\u00e9n nacido, en grave estado"},"content":{"rendered":"<!-- VideographyWP Plugin Message: Automatic video embedding prevented by plugin options. -->\n\n<p>\n\nUn ni\u00f1o que naci\u00f3 en grave estado, el domingo, en el Hospital \u201cVirgen del Carmen\u201d, en Z\u00e1rate, fue trasladado de urgencia en un helic\u00f3ptero sanitario al Hospital de Ni\u00f1os \u201cSol Mar\u00eda Ludovica\u201d de la ciudad de La Plata.<\/p>\n\n\n\n<p>La directora del hospital &nbsp;\u201cVirgen del Carmen\u201d, Laura Gasque destaco el r\u00e1pido accionar de los m\u00e9dicos profesionales de z\u00e1rate\u00f1os y del servicio de emergencias de la provincia de Buenos Aires, \u201cpudimos coordinar un operativo sanitario con mucha rapidez y solvencia profesional, quiero agradecer al Servicio de Emergencias, autoridades de Prefectura Naval y Bomberos\u201d<\/p>\n\n\n\n<p>Y agreg\u00f3 Laura Gasque \u201cUna vida corr\u00eda riesgo y la premura de la gesti\u00f3n logr\u00f3 que arribara un helic\u00f3ptero sanitario de manera inmediata\u201d.\u00a0<\/p>\n\n\n\n<p>La aeronave esper\u00f3 en el predio de la Prefectura Naval mientras que el beb\u00e9 era llevado por la ambulancia del nosocomio para ser transportado de manera urgente al Hospital de Ni\u00f1os \u201cSor Mar\u00eda Ludovica\u201d de la ciudad de La Plata.<\/p>\n","protected":false},"excerpt":{"rendered":"<p>Un ni\u00f1o que naci\u00f3 en grave estado, el domingo, en el Hospital \u201cVirgen del Carmen\u201d, en Z\u00e1rate, fue trasladado de urgencia en un helic\u00f3ptero sanitario al Hospital de Ni\u00f1os \u201cSol Mar\u00eda Ludovica\u201d de la ciudad de La Plata. La directora del hospital &nbsp;\u201cVirgen del Carmen\u201d, Laura Gasque destaco el r\u00e1pido accionar de los m\u00e9dicos profesionales [&hellip;]<\/p>\n","protected":false},"author":4,"featured_media":49609,"comment_status":"open","ping_status":"closed","sticky":false,"template":"","format":"standard","meta":{"om_disable_all_campaigns":false,"_jetpack_memberships_contains_paid_content":false,"footnotes":""},"categories":[621],"tags":[],"class_list":["post-49608","post","type-post","status-publish","format-standard","has-post-thumbnail","hentry","category-regionales"],"aioseo_notices":[],"gutentor_comment":0,"jetpack_featured_media_url":"https:\/\/eldiariodesanpedro.com.ar\/sitio\/wp-content\/uploads\/2019\/03\/whatsapp_image_2019-03-25_at_17.41.31.jpeg","jetpack_shortlink":"https:\/\/wp.me\/p6RhLt-cU8","jetpack_sharing_enabled":true,"_links":{"self":[{"href":"https:\/\/eldiariodesanpedro.com.ar\/sitio\/wp-json\/wp\/v2\/posts\/49608","targetHints":{"allow":["GET"]}}],"collection":[{"href":"https:\/\/eldiariodesanpedro.com.ar\/sitio\/wp-json\/wp\/v2\/posts"}],"about":[{"href":"https:\/\/eldiariodesanpedro.com.ar\/sitio\/wp-json\/wp\/v2\/types\/post"}],"author":[{"embeddable":true,"href":"https:\/\/eldiariodesanpedro.com.ar\/sitio\/wp-json\/wp\/v2\/users\/4"}],"replies":[{"embeddable":true,"href":"https:\/\/eldiariodesanpedro.com.ar\/sitio\/wp-json\/wp\/v2\/comments?post=49608"}],"version-history":[{"count":1,"href":"https:\/\/eldiariodesanpedro.com.ar\/sitio\/wp-json\/wp\/v2\/posts\/49608\/revisions"}],"predecessor-version":[{"id":49610,"href":"https:\/\/eldiariodesanpedro.com.ar\/sitio\/wp-json\/wp\/v2\/posts\/49608\/revisions\/49610"}],"wp:featuredmedia":[{"embeddable":true,"href":"https:\/\/eldiariodesanpedro.com.ar\/sitio\/wp-json\/wp\/v2\/media\/49609"}],"wp:attachment":[{"href":"https:\/\/eldiariodesanpedro.com.ar\/sitio\/wp-json\/wp\/v2\/media?parent=49608"}],"wp:term":[{"taxonomy":"category","embeddable":true,"href":"https:\/\/eldiariodesanpedro.com.ar\/sitio\/wp-json\/wp\/v2\/categories?post=49608"},{"taxonomy":"post_tag","embeddable":true,"href":"https:\/\/eldiariodesanpedro.com.ar\/sitio\/wp-json\/wp\/v2\/tags?post=49608"}],"curies":[{"name":"wp","href":"https:\/\/api.w.org\/{rel}","templated":true}]}}