{"id":49603,"date":"2019-03-26T12:28:32","date_gmt":"2019-03-26T15:28:32","guid":{"rendered":"https:\/\/eldiariodesanpedro.com.ar\/sitio\/?p=49603"},"modified":"2019-03-26T12:28:43","modified_gmt":"2019-03-26T15:28:43","slug":"campana-desvalijan-un-departamento-centrico","status":"publish","type":"post","link":"https:\/\/eldiariodesanpedro.com.ar\/sitio\/campana-desvalijan-un-departamento-centrico\/","title":{"rendered":"CAMPANA: Desvalijan un departamento c\u00e9ntrico"},"content":{"rendered":"<!-- VideographyWP Plugin Message: Automatic video embedding prevented by plugin options. -->\n\n<p>\n\nDelincuentes se llevaron todo: ropa, dinero, una computadora y hasta las ollas. Aprovecharon la ausencia de los moradores, y forzaron la puerta del inmueble. \u201cSab\u00edan que nos \u00edbamos, nos ficharon\u201d cont\u00f3 una de las v\u00edctimas.<\/p>\n\n\n\n<p>En horas del mediod\u00eda del Domingo, delincuentes ingresaron a un departamento de Pueyrred\u00f3n casi Av. Mitre, al cual desvalijaron sin que nadie los viera.<\/p>\n\n\n\n<p>Lo llamativo, es que los ladrones forzaron la puerta de acceso al inmueble, pero no as\u00ed al edificio. Aprovechando la ausencia de sus ocupantes, se llevaron varios objetos de valor: indumentaria, una consola de juegos, una computadora, $10.000 en efectivo y hasta un juego de ollas.<\/p>\n\n\n\n<p>A trav\u00e9s de las redes sociales, una de las v\u00edctimas solicit\u00f3 informaci\u00f3n sobre alguno de estos art\u00edculos, en caso de aparecer a la venta. Y asegur\u00f3: \u201cSab\u00edan que nos \u00edbamos. Nos ficharon. S\u00e9 que las cosas no las vamos a recuperar, pero nos gustar\u00eda saber qui\u00e9n es la persona que nos amarg\u00f3, asust\u00f3 y hundi\u00f3 nuevamente\u201d. <\/p>\n\n\n\n<p>Fuente: Campana Noticias<\/p>\n","protected":false},"excerpt":{"rendered":"<p>Delincuentes se llevaron todo: ropa, dinero, una computadora y hasta las ollas. Aprovecharon la ausencia de los moradores, y forzaron la puerta del inmueble. \u201cSab\u00edan que nos \u00edbamos, nos ficharon\u201d cont\u00f3 una de las v\u00edctimas. En horas del mediod\u00eda del Domingo, delincuentes ingresaron a un departamento de Pueyrred\u00f3n casi Av. Mitre, al cual desvalijaron sin [&hellip;]<\/p>\n","protected":false},"author":4,"featured_media":49604,"comment_status":"open","ping_status":"closed","sticky":false,"template":"","format":"standard","meta":{"om_disable_all_campaigns":false,"_jetpack_memberships_contains_paid_content":false,"footnotes":""},"categories":[621],"tags":[],"class_list":["post-49603","post","type-post","status-publish","format-standard","has-post-thumbnail","hentry","category-regionales"],"aioseo_notices":[],"gutentor_comment":0,"jetpack_featured_media_url":"https:\/\/eldiariodesanpedro.com.ar\/sitio\/wp-content\/uploads\/2019\/03\/20190325082747.jpg","jetpack_shortlink":"https:\/\/wp.me\/p6RhLt-cU3","jetpack_sharing_enabled":true,"_links":{"self":[{"href":"https:\/\/eldiariodesanpedro.com.ar\/sitio\/wp-json\/wp\/v2\/posts\/49603","targetHints":{"allow":["GET"]}}],"collection":[{"href":"https:\/\/eldiariodesanpedro.com.ar\/sitio\/wp-json\/wp\/v2\/posts"}],"about":[{"href":"https:\/\/eldiariodesanpedro.com.ar\/sitio\/wp-json\/wp\/v2\/types\/post"}],"author":[{"embeddable":true,"href":"https:\/\/eldiariodesanpedro.com.ar\/sitio\/wp-json\/wp\/v2\/users\/4"}],"replies":[{"embeddable":true,"href":"https:\/\/eldiariodesanpedro.com.ar\/sitio\/wp-json\/wp\/v2\/comments?post=49603"}],"version-history":[{"count":1,"href":"https:\/\/eldiariodesanpedro.com.ar\/sitio\/wp-json\/wp\/v2\/posts\/49603\/revisions"}],"predecessor-version":[{"id":49605,"href":"https:\/\/eldiariodesanpedro.com.ar\/sitio\/wp-json\/wp\/v2\/posts\/49603\/revisions\/49605"}],"wp:featuredmedia":[{"embeddable":true,"href":"https:\/\/eldiariodesanpedro.com.ar\/sitio\/wp-json\/wp\/v2\/media\/49604"}],"wp:attachment":[{"href":"https:\/\/eldiariodesanpedro.com.ar\/sitio\/wp-json\/wp\/v2\/media?parent=49603"}],"wp:term":[{"taxonomy":"category","embeddable":true,"href":"https:\/\/eldiariodesanpedro.com.ar\/sitio\/wp-json\/wp\/v2\/categories?post=49603"},{"taxonomy":"post_tag","embeddable":true,"href":"https:\/\/eldiariodesanpedro.com.ar\/sitio\/wp-json\/wp\/v2\/tags?post=49603"}],"curies":[{"name":"wp","href":"https:\/\/api.w.org\/{rel}","templated":true}]}}