{"id":49600,"date":"2019-03-26T12:26:42","date_gmt":"2019-03-26T15:26:42","guid":{"rendered":"https:\/\/eldiariodesanpedro.com.ar\/sitio\/?p=49600"},"modified":"2019-03-26T12:26:55","modified_gmt":"2019-03-26T15:26:55","slug":"zarate-un-posible-secuestro-sin-pruebas","status":"publish","type":"post","link":"https:\/\/eldiariodesanpedro.com.ar\/sitio\/zarate-un-posible-secuestro-sin-pruebas\/","title":{"rendered":"Z\u00c1RATE: Un posible secuestro, sin pruebas"},"content":{"rendered":"<!-- VideographyWP Plugin Message: Automatic video embedding prevented by plugin options. -->\n\n<p>A trav\u00e9s de redes sociales ayer por la tarde se hizo viral un mensaje que denunciaba el supuesto secuestro de una joven en la intersecci\u00f3n de Rivadavia y 25 de Mayo. Sin embargo, fuentes policiales confirmaron que todav\u00eda no existe denuncia alguna al respecto, y que las c\u00e1maras no registraron tal situaci\u00f3n.&nbsp;<\/p>\n\n\n\n<p>\u201cAcaban de secuestrar a una chica en Z\u00e1rate alrededor de las 16.30, un Peugeot 206 rojo la subi\u00f3 a la fuerza y se fue, por favor difundir\u201d, expres\u00f3 una usuaria de Twitter identificada como Ariana. Ante la masiva cantidad de vecinos que compartieron, las autoridades se vieron en alerta.<\/p>\n\n\n\n<p>Sin embargo, Z\u00e1rate Alerta pudo confirmar que el relato de la joven que se acerc\u00f3 a la Comisar\u00eda tuvo \u201cinconsciencias\u201d, y que las c\u00e1maras de DPU no contienen tal escena en ning\u00fan horario del d\u00eda. Adem\u00e1s, todav\u00eda nadie denunci\u00f3 por desaparici\u00f3n ni intento de secuestro.&nbsp;<\/p>\n\n\n\n<p><em>Si vos o alguien que conoc\u00e9s vive alguna situaci\u00f3n de violencia, llam\u00e1 gratis al 144 o busc\u00e1 alg\u00fan centro de atenci\u00f3n cercano.<\/em><\/p>\n\n\n\n<p>Fuente: Zarate Alerta<\/p>\n","protected":false},"excerpt":{"rendered":"<p>A trav\u00e9s de redes sociales ayer por la tarde se hizo viral un mensaje que denunciaba el supuesto secuestro de una joven en la intersecci\u00f3n de Rivadavia y 25 de Mayo. Sin embargo, fuentes policiales confirmaron que todav\u00eda no existe denuncia alguna al respecto, y que las c\u00e1maras no registraron tal situaci\u00f3n.&nbsp; \u201cAcaban de secuestrar [&hellip;]<\/p>\n","protected":false},"author":4,"featured_media":49601,"comment_status":"open","ping_status":"closed","sticky":false,"template":"","format":"standard","meta":{"om_disable_all_campaigns":false,"_jetpack_memberships_contains_paid_content":false,"footnotes":""},"categories":[621],"tags":[],"class_list":["post-49600","post","type-post","status-publish","format-standard","has-post-thumbnail","hentry","category-regionales"],"aioseo_notices":[],"gutentor_comment":0,"jetpack_featured_media_url":"https:\/\/eldiariodesanpedro.com.ar\/sitio\/wp-content\/uploads\/2019\/03\/policianoche-1024x441.jpg","jetpack_shortlink":"https:\/\/wp.me\/p6RhLt-cU0","jetpack_sharing_enabled":true,"_links":{"self":[{"href":"https:\/\/eldiariodesanpedro.com.ar\/sitio\/wp-json\/wp\/v2\/posts\/49600","targetHints":{"allow":["GET"]}}],"collection":[{"href":"https:\/\/eldiariodesanpedro.com.ar\/sitio\/wp-json\/wp\/v2\/posts"}],"about":[{"href":"https:\/\/eldiariodesanpedro.com.ar\/sitio\/wp-json\/wp\/v2\/types\/post"}],"author":[{"embeddable":true,"href":"https:\/\/eldiariodesanpedro.com.ar\/sitio\/wp-json\/wp\/v2\/users\/4"}],"replies":[{"embeddable":true,"href":"https:\/\/eldiariodesanpedro.com.ar\/sitio\/wp-json\/wp\/v2\/comments?post=49600"}],"version-history":[{"count":1,"href":"https:\/\/eldiariodesanpedro.com.ar\/sitio\/wp-json\/wp\/v2\/posts\/49600\/revisions"}],"predecessor-version":[{"id":49602,"href":"https:\/\/eldiariodesanpedro.com.ar\/sitio\/wp-json\/wp\/v2\/posts\/49600\/revisions\/49602"}],"wp:featuredmedia":[{"embeddable":true,"href":"https:\/\/eldiariodesanpedro.com.ar\/sitio\/wp-json\/wp\/v2\/media\/49601"}],"wp:attachment":[{"href":"https:\/\/eldiariodesanpedro.com.ar\/sitio\/wp-json\/wp\/v2\/media?parent=49600"}],"wp:term":[{"taxonomy":"category","embeddable":true,"href":"https:\/\/eldiariodesanpedro.com.ar\/sitio\/wp-json\/wp\/v2\/categories?post=49600"},{"taxonomy":"post_tag","embeddable":true,"href":"https:\/\/eldiariodesanpedro.com.ar\/sitio\/wp-json\/wp\/v2\/tags?post=49600"}],"curies":[{"name":"wp","href":"https:\/\/api.w.org\/{rel}","templated":true}]}}