{"id":49597,"date":"2019-03-26T12:24:22","date_gmt":"2019-03-26T15:24:22","guid":{"rendered":"https:\/\/eldiariodesanpedro.com.ar\/sitio\/?p=49597"},"modified":"2019-03-26T12:24:34","modified_gmt":"2019-03-26T15:24:34","slug":"san-nicolas-tres-mujeres-fueron-victimas-de-abuso-de-armas","status":"publish","type":"post","link":"https:\/\/eldiariodesanpedro.com.ar\/sitio\/san-nicolas-tres-mujeres-fueron-victimas-de-abuso-de-armas\/","title":{"rendered":"SAN NICOLAS: Tres mujeres fueron v\u00edctimas de abuso de armas"},"content":{"rendered":"<!-- VideographyWP Plugin Message: Automatic video embedding prevented by plugin options. -->\n\n<p>Tras varios hechos por abuso de armas ocurridos el \u00faltimo fin de semana, la UFI N\u00ba1 realiz\u00f3 varios allanamientos en zona norte de la ciudad el lunes por la noche. En los procedimientos secuestraron distintas armas, proyectiles y droga.<\/p>\n\n\n\n<p>Durante el fin de semana tres mujeres fueron v\u00edctimas de amenazas calificadas y abuso de armas. En el marco de la causas iniciadas personal de la Comisar\u00eda Tercera allan\u00f3 distintos domicilios obteniendo resultado positivo.<\/p>\n\n\n\n<p>En Rojas al 1100 cuyo morador no se encontraba en el lugar, se secuestr\u00f3 un rev\u00f3lver calibre 32 largo marca Doberman, sin municiones. Mientras que en Olleros al 1000, fue aprehendida una mujer de 36 a\u00f1os. All\u00ed se secuestraron 4,8 grs de marihuana, un revolver calibre 32, marca Colt New Police y 10 cartuchos intactos del mismo calibre.<\/p>\n\n\n\n<p>En otra diligencia en Strauss 250, secuestraron una r\u00e9plica de una pistola 9mm de aire comprimido, sin marca y fue aprehendido un sujeto de 33 a\u00f1os.<\/p>\n\n\n\n<p>Se labraron actuaciones por \u00abTenencia ilegal de arma de fuego de uso civil\u00bb y \u00abTenencia de Armas\u00bb con intervenci\u00f3n de la UFI 1. <\/p>\n\n\n\n<p>Fuente: Diario El Informante<\/p>\n","protected":false},"excerpt":{"rendered":"<p>Tras varios hechos por abuso de armas ocurridos el \u00faltimo fin de semana, la UFI N\u00ba1 realiz\u00f3 varios allanamientos en zona norte de la ciudad el lunes por la noche. En los procedimientos secuestraron distintas armas, proyectiles y droga. Durante el fin de semana tres mujeres fueron v\u00edctimas de amenazas calificadas y abuso de armas. [&hellip;]<\/p>\n","protected":false},"author":4,"featured_media":49598,"comment_status":"open","ping_status":"closed","sticky":false,"template":"","format":"standard","meta":{"om_disable_all_campaigns":false,"_jetpack_memberships_contains_paid_content":false,"footnotes":""},"categories":[621],"tags":[],"class_list":["post-49597","post","type-post","status-publish","format-standard","has-post-thumbnail","hentry","category-regionales"],"aioseo_notices":[],"gutentor_comment":0,"jetpack_featured_media_url":"https:\/\/eldiariodesanpedro.com.ar\/sitio\/wp-content\/uploads\/2019\/03\/no_pmil0injv1h2c7farmas.jpg","jetpack_shortlink":"https:\/\/wp.me\/p6RhLt-cTX","jetpack_sharing_enabled":true,"_links":{"self":[{"href":"https:\/\/eldiariodesanpedro.com.ar\/sitio\/wp-json\/wp\/v2\/posts\/49597","targetHints":{"allow":["GET"]}}],"collection":[{"href":"https:\/\/eldiariodesanpedro.com.ar\/sitio\/wp-json\/wp\/v2\/posts"}],"about":[{"href":"https:\/\/eldiariodesanpedro.com.ar\/sitio\/wp-json\/wp\/v2\/types\/post"}],"author":[{"embeddable":true,"href":"https:\/\/eldiariodesanpedro.com.ar\/sitio\/wp-json\/wp\/v2\/users\/4"}],"replies":[{"embeddable":true,"href":"https:\/\/eldiariodesanpedro.com.ar\/sitio\/wp-json\/wp\/v2\/comments?post=49597"}],"version-history":[{"count":1,"href":"https:\/\/eldiariodesanpedro.com.ar\/sitio\/wp-json\/wp\/v2\/posts\/49597\/revisions"}],"predecessor-version":[{"id":49599,"href":"https:\/\/eldiariodesanpedro.com.ar\/sitio\/wp-json\/wp\/v2\/posts\/49597\/revisions\/49599"}],"wp:featuredmedia":[{"embeddable":true,"href":"https:\/\/eldiariodesanpedro.com.ar\/sitio\/wp-json\/wp\/v2\/media\/49598"}],"wp:attachment":[{"href":"https:\/\/eldiariodesanpedro.com.ar\/sitio\/wp-json\/wp\/v2\/media?parent=49597"}],"wp:term":[{"taxonomy":"category","embeddable":true,"href":"https:\/\/eldiariodesanpedro.com.ar\/sitio\/wp-json\/wp\/v2\/categories?post=49597"},{"taxonomy":"post_tag","embeddable":true,"href":"https:\/\/eldiariodesanpedro.com.ar\/sitio\/wp-json\/wp\/v2\/tags?post=49597"}],"curies":[{"name":"wp","href":"https:\/\/api.w.org\/{rel}","templated":true}]}}