{"id":49586,"date":"2019-03-26T12:14:42","date_gmt":"2019-03-26T15:14:42","guid":{"rendered":"https:\/\/eldiariodesanpedro.com.ar\/sitio\/?p=49586"},"modified":"2019-03-26T17:49:16","modified_gmt":"2019-03-26T20:49:16","slug":"desalojo-de-usurpadores-con-corridas-disparos-heridos-y-aprehendidos","status":"publish","type":"post","link":"https:\/\/eldiariodesanpedro.com.ar\/sitio\/desalojo-de-usurpadores-con-corridas-disparos-heridos-y-aprehendidos\/","title":{"rendered":"Desalojo de usurpadores con corridas, disparos, heridos y aprehendidos"},"content":{"rendered":"<!-- VideographyWP Plugin Message: Automatic video embedding prevented by plugin options. -->\n\n<p>Tal cual estaba previsto en las primeras horas de la ma\u00f1ana del martes se desarroll\u00f3 el desalojo de los usurpadores del terreno ubicado en calle D\u00e1vila y Cruz Roja.<\/p>\n\n\n\n<p>Fue el desalojo m\u00e1s violento de todos los terrenos usurpados a medido del  mes de enero, donde hubo corridas, incendio de cubiertas, heridos y aprehendidos, al negarse al entregar los terrenos pac\u00edficamente.<\/p>\n\n\n\n<p>Este martes alrededor de las 07 hs comenz\u00f3 el operativo en el predio de D\u00e1vila y Cruz Roja que era usurpado por m\u00e1s de 40 familias con la presencia de unos 300 efectivos policiales.<\/p>\n\n\n\n<p>La notificaci\u00f3n a las familias hab\u00eda llegado una semana atr\u00e1s, cuando inclusive algunos de los usurpadores se acercaron a las puertas de la municipalidad para realizar un reclamo y solicitar al ejecutivo alguna medida para poder conservar los terrenos o solicitar alg\u00fan terreno para poder reubicarse, el env\u00edo de la notificaci\u00f3n se realizo para que las personas se retiren voluntariamente evitando de esta manera llegar a utilizar las fuerzas.<\/p>\n\n\n\n<p>Lamentablemente los okupas se negaron a retirarse del predio y en la ma\u00f1ana de este martes la polic\u00eda debi\u00f3 actuar con un gran operativo donde se pudo ver efectivos de nuestra ciudad y de localidades vecinas que llegaron como apoyo, tambi\u00e9n se hicieron presente Bomberos Voluntarios de San Pedro y San Nicolas para sofocar incendio de cubiertas por parte de los manifestantes.<\/p>\n\n\n\n<p>Tras el ingreso de los efectivos al predio ocurrieron los enfrentamientos entre los usurpadores y los polic\u00edas, hubo corridas, disparos de balas de gomas, heridos, personas aprehendidas quienes se negaron a colaborar y resisti\u00e9ndose a la autoridad.<\/p>\n\n\n\n<p>De manera indignante se pudo ver en su mayor\u00eda mujeres con sus peque\u00f1os hijos queriendo enfrentar a los uniformados, por lo que tambi\u00e9n hubo una gran cantidad de efectivos femeninos para poder evitar el conflicto.<\/p>\n\n\n\n<p>Se aprehendi\u00f3 a 15 personas entre varones y mujeres, dentro de ellos tambi\u00e9n se encontraban menores, adem\u00e1s en la guardia del nosocomio local se registro el ingreso de alrededor de 12 personas que recibieron heridas durante el conflicto, la mayor\u00eda de ellos por disparos de balas de goma usados para disuadir a las personas.<\/p>\n\n\n\n<p>Tras los enfrentamientos y discusiones comenz\u00f3 el trabajo de las topadoras las cuales ingresaron al predio con resistencia de algunos vecinos, las maquinas acompa\u00f1ado por camiones de la municipalidad se ocuparon de derribar todas las precarias viviendas construidas, algunos de los usurpadores teniendo en cuenta de lo inevitable del desalojo decidieron recuperar sus pertenencias, chapas y maderas, antes de la llegada de los efectivos.<\/p>\n\n\n\n<figure class=\"wp-block-image\"><img decoding=\"async\" width=\"1024\" height=\"498\" data-attachment-id=\"49587\" data-permalink=\"https:\/\/eldiariodesanpedro.com.ar\/sitio\/desalojo-de-usurpadores-con-corridas-disparos-heridos-y-aprehendidos\/54520671_968482620027544_781076872640331776_o\/\" data-orig-file=\"https:\/\/eldiariodesanpedro.com.ar\/sitio\/wp-content\/uploads\/2019\/03\/54520671_968482620027544_781076872640331776_o.jpg\" data-orig-size=\"1316,640\" data-comments-opened=\"1\" data-image-meta=\"{&quot;aperture&quot;:&quot;0&quot;,&quot;credit&quot;:&quot;&quot;,&quot;camera&quot;:&quot;&quot;,&quot;caption&quot;:&quot;&quot;,&quot;created_timestamp&quot;:&quot;0&quot;,&quot;copyright&quot;:&quot;&quot;,&quot;focal_length&quot;:&quot;0&quot;,&quot;iso&quot;:&quot;0&quot;,&quot;shutter_speed&quot;:&quot;0&quot;,&quot;title&quot;:&quot;&quot;,&quot;orientation&quot;:&quot;0&quot;}\" data-image-title=\"54520671_968482620027544_781076872640331776_o\" data-image-description=\"\" data-image-caption=\"\" data-large-file=\"https:\/\/eldiariodesanpedro.com.ar\/sitio\/wp-content\/uploads\/2019\/03\/54520671_968482620027544_781076872640331776_o-1024x498.jpg\" data-src=\"https:\/\/eldiariodesanpedro.com.ar\/sitio\/wp-content\/uploads\/2019\/03\/54520671_968482620027544_781076872640331776_o-1024x498.jpg\" alt=\"\" class=\"wp-image-49587 lazyload\" data-srcset=\"https:\/\/eldiariodesanpedro.com.ar\/sitio\/wp-content\/uploads\/2019\/03\/54520671_968482620027544_781076872640331776_o-1024x498.jpg 1024w, https:\/\/eldiariodesanpedro.com.ar\/sitio\/wp-content\/uploads\/2019\/03\/54520671_968482620027544_781076872640331776_o-300x146.jpg 300w, https:\/\/eldiariodesanpedro.com.ar\/sitio\/wp-content\/uploads\/2019\/03\/54520671_968482620027544_781076872640331776_o-768x373.jpg 768w, https:\/\/eldiariodesanpedro.com.ar\/sitio\/wp-content\/uploads\/2019\/03\/54520671_968482620027544_781076872640331776_o.jpg 1316w\" data-sizes=\"(max-width: 1024px) 100vw, 1024px\" src=\"data:image\/svg+xml;base64,PHN2ZyB3aWR0aD0iMSIgaGVpZ2h0PSIxIiB4bWxucz0iaHR0cDovL3d3dy53My5vcmcvMjAwMC9zdmciPjwvc3ZnPg==\" style=\"--smush-placeholder-width: 1024px; --smush-placeholder-aspect-ratio: 1024\/498;\" \/><\/figure>\n\n\n\n<figure class=\"wp-block-image\"><img decoding=\"async\" width=\"1024\" height=\"498\" data-attachment-id=\"49589\" data-permalink=\"https:\/\/eldiariodesanpedro.com.ar\/sitio\/desalojo-de-usurpadores-con-corridas-disparos-heridos-y-aprehendidos\/55589265_968482770027529_1786062403444670464_o\/\" data-orig-file=\"https:\/\/eldiariodesanpedro.com.ar\/sitio\/wp-content\/uploads\/2019\/03\/55589265_968482770027529_1786062403444670464_o.jpg\" data-orig-size=\"1316,640\" data-comments-opened=\"1\" data-image-meta=\"{&quot;aperture&quot;:&quot;0&quot;,&quot;credit&quot;:&quot;&quot;,&quot;camera&quot;:&quot;&quot;,&quot;caption&quot;:&quot;&quot;,&quot;created_timestamp&quot;:&quot;0&quot;,&quot;copyright&quot;:&quot;&quot;,&quot;focal_length&quot;:&quot;0&quot;,&quot;iso&quot;:&quot;0&quot;,&quot;shutter_speed&quot;:&quot;0&quot;,&quot;title&quot;:&quot;&quot;,&quot;orientation&quot;:&quot;0&quot;}\" data-image-title=\"55589265_968482770027529_1786062403444670464_o\" data-image-description=\"\" data-image-caption=\"\" data-large-file=\"https:\/\/eldiariodesanpedro.com.ar\/sitio\/wp-content\/uploads\/2019\/03\/55589265_968482770027529_1786062403444670464_o-1024x498.jpg\" data-src=\"https:\/\/eldiariodesanpedro.com.ar\/sitio\/wp-content\/uploads\/2019\/03\/55589265_968482770027529_1786062403444670464_o-1024x498.jpg\" alt=\"\" class=\"wp-image-49589 lazyload\" data-srcset=\"https:\/\/eldiariodesanpedro.com.ar\/sitio\/wp-content\/uploads\/2019\/03\/55589265_968482770027529_1786062403444670464_o-1024x498.jpg 1024w, https:\/\/eldiariodesanpedro.com.ar\/sitio\/wp-content\/uploads\/2019\/03\/55589265_968482770027529_1786062403444670464_o-300x146.jpg 300w, https:\/\/eldiariodesanpedro.com.ar\/sitio\/wp-content\/uploads\/2019\/03\/55589265_968482770027529_1786062403444670464_o-768x373.jpg 768w, https:\/\/eldiariodesanpedro.com.ar\/sitio\/wp-content\/uploads\/2019\/03\/55589265_968482770027529_1786062403444670464_o.jpg 1316w\" data-sizes=\"(max-width: 1024px) 100vw, 1024px\" src=\"data:image\/svg+xml;base64,PHN2ZyB3aWR0aD0iMSIgaGVpZ2h0PSIxIiB4bWxucz0iaHR0cDovL3d3dy53My5vcmcvMjAwMC9zdmciPjwvc3ZnPg==\" style=\"--smush-placeholder-width: 1024px; --smush-placeholder-aspect-ratio: 1024\/498;\" \/><\/figure>\n\n\n\n<figure class=\"wp-block-image\"><img decoding=\"async\" width=\"1024\" height=\"498\" data-attachment-id=\"49590\" data-permalink=\"https:\/\/eldiariodesanpedro.com.ar\/sitio\/desalojo-de-usurpadores-con-corridas-disparos-heridos-y-aprehendidos\/55641829_968482796694193_8691827902209064960_o\/\" data-orig-file=\"https:\/\/eldiariodesanpedro.com.ar\/sitio\/wp-content\/uploads\/2019\/03\/55641829_968482796694193_8691827902209064960_o.jpg\" data-orig-size=\"1316,640\" data-comments-opened=\"1\" data-image-meta=\"{&quot;aperture&quot;:&quot;0&quot;,&quot;credit&quot;:&quot;&quot;,&quot;camera&quot;:&quot;&quot;,&quot;caption&quot;:&quot;&quot;,&quot;created_timestamp&quot;:&quot;0&quot;,&quot;copyright&quot;:&quot;&quot;,&quot;focal_length&quot;:&quot;0&quot;,&quot;iso&quot;:&quot;0&quot;,&quot;shutter_speed&quot;:&quot;0&quot;,&quot;title&quot;:&quot;&quot;,&quot;orientation&quot;:&quot;0&quot;}\" data-image-title=\"55641829_968482796694193_8691827902209064960_o\" data-image-description=\"\" data-image-caption=\"\" data-large-file=\"https:\/\/eldiariodesanpedro.com.ar\/sitio\/wp-content\/uploads\/2019\/03\/55641829_968482796694193_8691827902209064960_o-1024x498.jpg\" data-src=\"https:\/\/eldiariodesanpedro.com.ar\/sitio\/wp-content\/uploads\/2019\/03\/55641829_968482796694193_8691827902209064960_o-1024x498.jpg\" alt=\"\" class=\"wp-image-49590 lazyload\" data-srcset=\"https:\/\/eldiariodesanpedro.com.ar\/sitio\/wp-content\/uploads\/2019\/03\/55641829_968482796694193_8691827902209064960_o-1024x498.jpg 1024w, https:\/\/eldiariodesanpedro.com.ar\/sitio\/wp-content\/uploads\/2019\/03\/55641829_968482796694193_8691827902209064960_o-300x146.jpg 300w, https:\/\/eldiariodesanpedro.com.ar\/sitio\/wp-content\/uploads\/2019\/03\/55641829_968482796694193_8691827902209064960_o-768x373.jpg 768w, https:\/\/eldiariodesanpedro.com.ar\/sitio\/wp-content\/uploads\/2019\/03\/55641829_968482796694193_8691827902209064960_o.jpg 1316w\" data-sizes=\"(max-width: 1024px) 100vw, 1024px\" src=\"data:image\/svg+xml;base64,PHN2ZyB3aWR0aD0iMSIgaGVpZ2h0PSIxIiB4bWxucz0iaHR0cDovL3d3dy53My5vcmcvMjAwMC9zdmciPjwvc3ZnPg==\" style=\"--smush-placeholder-width: 1024px; --smush-placeholder-aspect-ratio: 1024\/498;\" \/><\/figure>\n\n\n\n<figure class=\"wp-block-image\"><img decoding=\"async\" width=\"1024\" height=\"498\" data-attachment-id=\"49591\" data-permalink=\"https:\/\/eldiariodesanpedro.com.ar\/sitio\/desalojo-de-usurpadores-con-corridas-disparos-heridos-y-aprehendidos\/56306691_968482703360869_4747925615166881792_o\/\" data-orig-file=\"https:\/\/eldiariodesanpedro.com.ar\/sitio\/wp-content\/uploads\/2019\/03\/56306691_968482703360869_4747925615166881792_o.jpg\" data-orig-size=\"1316,640\" data-comments-opened=\"1\" data-image-meta=\"{&quot;aperture&quot;:&quot;0&quot;,&quot;credit&quot;:&quot;&quot;,&quot;camera&quot;:&quot;&quot;,&quot;caption&quot;:&quot;&quot;,&quot;created_timestamp&quot;:&quot;0&quot;,&quot;copyright&quot;:&quot;&quot;,&quot;focal_length&quot;:&quot;0&quot;,&quot;iso&quot;:&quot;0&quot;,&quot;shutter_speed&quot;:&quot;0&quot;,&quot;title&quot;:&quot;&quot;,&quot;orientation&quot;:&quot;0&quot;}\" data-image-title=\"56306691_968482703360869_4747925615166881792_o\" data-image-description=\"\" data-image-caption=\"\" data-large-file=\"https:\/\/eldiariodesanpedro.com.ar\/sitio\/wp-content\/uploads\/2019\/03\/56306691_968482703360869_4747925615166881792_o-1024x498.jpg\" data-src=\"https:\/\/eldiariodesanpedro.com.ar\/sitio\/wp-content\/uploads\/2019\/03\/56306691_968482703360869_4747925615166881792_o-1024x498.jpg\" alt=\"\" class=\"wp-image-49591 lazyload\" data-srcset=\"https:\/\/eldiariodesanpedro.com.ar\/sitio\/wp-content\/uploads\/2019\/03\/56306691_968482703360869_4747925615166881792_o-1024x498.jpg 1024w, https:\/\/eldiariodesanpedro.com.ar\/sitio\/wp-content\/uploads\/2019\/03\/56306691_968482703360869_4747925615166881792_o-300x146.jpg 300w, https:\/\/eldiariodesanpedro.com.ar\/sitio\/wp-content\/uploads\/2019\/03\/56306691_968482703360869_4747925615166881792_o-768x373.jpg 768w, https:\/\/eldiariodesanpedro.com.ar\/sitio\/wp-content\/uploads\/2019\/03\/56306691_968482703360869_4747925615166881792_o.jpg 1316w\" data-sizes=\"(max-width: 1024px) 100vw, 1024px\" src=\"data:image\/svg+xml;base64,PHN2ZyB3aWR0aD0iMSIgaGVpZ2h0PSIxIiB4bWxucz0iaHR0cDovL3d3dy53My5vcmcvMjAwMC9zdmciPjwvc3ZnPg==\" style=\"--smush-placeholder-width: 1024px; --smush-placeholder-aspect-ratio: 1024\/498;\" \/><\/figure>\n\n\n\n<figure class=\"wp-block-image\"><img decoding=\"async\" width=\"960\" height=\"1280\" data-attachment-id=\"49593\" data-permalink=\"https:\/\/eldiariodesanpedro.com.ar\/sitio\/desalojo-de-usurpadores-con-corridas-disparos-heridos-y-aprehendidos\/whatsapp-image-2019-03-26-at-11-55-301\/\" data-orig-file=\"https:\/\/eldiariodesanpedro.com.ar\/sitio\/wp-content\/uploads\/2019\/03\/WhatsApp-Image-2019-03-26-at-11.55.301.jpeg\" data-orig-size=\"960,1280\" data-comments-opened=\"1\" data-image-meta=\"{&quot;aperture&quot;:&quot;0&quot;,&quot;credit&quot;:&quot;&quot;,&quot;camera&quot;:&quot;&quot;,&quot;caption&quot;:&quot;&quot;,&quot;created_timestamp&quot;:&quot;0&quot;,&quot;copyright&quot;:&quot;&quot;,&quot;focal_length&quot;:&quot;0&quot;,&quot;iso&quot;:&quot;0&quot;,&quot;shutter_speed&quot;:&quot;0&quot;,&quot;title&quot;:&quot;&quot;,&quot;orientation&quot;:&quot;0&quot;}\" data-image-title=\"WhatsApp Image 2019-03-26 at 11.55.30(1)\" data-image-description=\"\" data-image-caption=\"\" data-large-file=\"https:\/\/eldiariodesanpedro.com.ar\/sitio\/wp-content\/uploads\/2019\/03\/WhatsApp-Image-2019-03-26-at-11.55.301-768x1024.jpeg\" data-src=\"https:\/\/i0.wp.com\/eldiariodesanpedro.com.ar\/sitio\/wp-content\/uploads\/2019\/03\/WhatsApp-Image-2019-03-26-at-11.55.301.jpeg?fit=660%2C880\" alt=\"\" class=\"wp-image-49593 lazyload\" data-srcset=\"https:\/\/eldiariodesanpedro.com.ar\/sitio\/wp-content\/uploads\/2019\/03\/WhatsApp-Image-2019-03-26-at-11.55.301.jpeg 960w, https:\/\/eldiariodesanpedro.com.ar\/sitio\/wp-content\/uploads\/2019\/03\/WhatsApp-Image-2019-03-26-at-11.55.301-225x300.jpeg 225w, https:\/\/eldiariodesanpedro.com.ar\/sitio\/wp-content\/uploads\/2019\/03\/WhatsApp-Image-2019-03-26-at-11.55.301-768x1024.jpeg 768w\" data-sizes=\"(max-width: 960px) 100vw, 960px\" src=\"data:image\/svg+xml;base64,PHN2ZyB3aWR0aD0iMSIgaGVpZ2h0PSIxIiB4bWxucz0iaHR0cDovL3d3dy53My5vcmcvMjAwMC9zdmciPjwvc3ZnPg==\" style=\"--smush-placeholder-width: 960px; --smush-placeholder-aspect-ratio: 960\/1280;\" \/><\/figure>\n\n\n\n<figure class=\"wp-block-image\"><img decoding=\"async\" width=\"960\" height=\"1280\" data-attachment-id=\"49594\" data-permalink=\"https:\/\/eldiariodesanpedro.com.ar\/sitio\/desalojo-de-usurpadores-con-corridas-disparos-heridos-y-aprehendidos\/whatsapp-image-2019-03-26-at-11-56-15\/\" data-orig-file=\"https:\/\/eldiariodesanpedro.com.ar\/sitio\/wp-content\/uploads\/2019\/03\/WhatsApp-Image-2019-03-26-at-11.56.15.jpeg\" data-orig-size=\"960,1280\" data-comments-opened=\"1\" data-image-meta=\"{&quot;aperture&quot;:&quot;0&quot;,&quot;credit&quot;:&quot;&quot;,&quot;camera&quot;:&quot;&quot;,&quot;caption&quot;:&quot;&quot;,&quot;created_timestamp&quot;:&quot;0&quot;,&quot;copyright&quot;:&quot;&quot;,&quot;focal_length&quot;:&quot;0&quot;,&quot;iso&quot;:&quot;0&quot;,&quot;shutter_speed&quot;:&quot;0&quot;,&quot;title&quot;:&quot;&quot;,&quot;orientation&quot;:&quot;0&quot;}\" data-image-title=\"WhatsApp Image 2019-03-26 at 11.56.15\" data-image-description=\"\" data-image-caption=\"\" data-large-file=\"https:\/\/eldiariodesanpedro.com.ar\/sitio\/wp-content\/uploads\/2019\/03\/WhatsApp-Image-2019-03-26-at-11.56.15-768x1024.jpeg\" data-src=\"https:\/\/i1.wp.com\/eldiariodesanpedro.com.ar\/sitio\/wp-content\/uploads\/2019\/03\/WhatsApp-Image-2019-03-26-at-11.56.15.jpeg?fit=660%2C880\" alt=\"\" class=\"wp-image-49594 lazyload\" data-srcset=\"https:\/\/eldiariodesanpedro.com.ar\/sitio\/wp-content\/uploads\/2019\/03\/WhatsApp-Image-2019-03-26-at-11.56.15.jpeg 960w, https:\/\/eldiariodesanpedro.com.ar\/sitio\/wp-content\/uploads\/2019\/03\/WhatsApp-Image-2019-03-26-at-11.56.15-225x300.jpeg 225w, https:\/\/eldiariodesanpedro.com.ar\/sitio\/wp-content\/uploads\/2019\/03\/WhatsApp-Image-2019-03-26-at-11.56.15-768x1024.jpeg 768w\" data-sizes=\"(max-width: 960px) 100vw, 960px\" src=\"data:image\/svg+xml;base64,PHN2ZyB3aWR0aD0iMSIgaGVpZ2h0PSIxIiB4bWxucz0iaHR0cDovL3d3dy53My5vcmcvMjAwMC9zdmciPjwvc3ZnPg==\" style=\"--smush-placeholder-width: 960px; --smush-placeholder-aspect-ratio: 960\/1280;\" \/><\/figure>\n\n\n\n<figure class=\"wp-block-image\"><img decoding=\"async\" width=\"960\" height=\"1280\" data-attachment-id=\"49595\" data-permalink=\"https:\/\/eldiariodesanpedro.com.ar\/sitio\/desalojo-de-usurpadores-con-corridas-disparos-heridos-y-aprehendidos\/whatsapp-image-2019-03-26-at-11-56-19\/\" data-orig-file=\"https:\/\/eldiariodesanpedro.com.ar\/sitio\/wp-content\/uploads\/2019\/03\/WhatsApp-Image-2019-03-26-at-11.56.19.jpeg\" data-orig-size=\"960,1280\" data-comments-opened=\"1\" data-image-meta=\"{&quot;aperture&quot;:&quot;0&quot;,&quot;credit&quot;:&quot;&quot;,&quot;camera&quot;:&quot;&quot;,&quot;caption&quot;:&quot;&quot;,&quot;created_timestamp&quot;:&quot;0&quot;,&quot;copyright&quot;:&quot;&quot;,&quot;focal_length&quot;:&quot;0&quot;,&quot;iso&quot;:&quot;0&quot;,&quot;shutter_speed&quot;:&quot;0&quot;,&quot;title&quot;:&quot;&quot;,&quot;orientation&quot;:&quot;0&quot;}\" data-image-title=\"WhatsApp Image 2019-03-26 at 11.56.19\" data-image-description=\"\" data-image-caption=\"\" data-large-file=\"https:\/\/eldiariodesanpedro.com.ar\/sitio\/wp-content\/uploads\/2019\/03\/WhatsApp-Image-2019-03-26-at-11.56.19-768x1024.jpeg\" data-src=\"https:\/\/i0.wp.com\/eldiariodesanpedro.com.ar\/sitio\/wp-content\/uploads\/2019\/03\/WhatsApp-Image-2019-03-26-at-11.56.19.jpeg?fit=660%2C880\" alt=\"\" class=\"wp-image-49595 lazyload\" data-srcset=\"https:\/\/eldiariodesanpedro.com.ar\/sitio\/wp-content\/uploads\/2019\/03\/WhatsApp-Image-2019-03-26-at-11.56.19.jpeg 960w, https:\/\/eldiariodesanpedro.com.ar\/sitio\/wp-content\/uploads\/2019\/03\/WhatsApp-Image-2019-03-26-at-11.56.19-225x300.jpeg 225w, https:\/\/eldiariodesanpedro.com.ar\/sitio\/wp-content\/uploads\/2019\/03\/WhatsApp-Image-2019-03-26-at-11.56.19-768x1024.jpeg 768w\" data-sizes=\"(max-width: 960px) 100vw, 960px\" src=\"data:image\/svg+xml;base64,PHN2ZyB3aWR0aD0iMSIgaGVpZ2h0PSIxIiB4bWxucz0iaHR0cDovL3d3dy53My5vcmcvMjAwMC9zdmciPjwvc3ZnPg==\" style=\"--smush-placeholder-width: 960px; --smush-placeholder-aspect-ratio: 960\/1280;\" \/><\/figure>\n","protected":false},"excerpt":{"rendered":"<p>Tal cual estaba previsto en las primeras horas de la ma\u00f1ana del martes se desarroll\u00f3 el desalojo de los usurpadores del terreno ubicado en calle D\u00e1vila y Cruz Roja. Fue el desalojo m\u00e1s violento de todos los terrenos usurpados a medido del mes de enero, donde hubo corridas, incendio de cubiertas, heridos y aprehendidos, al [&hellip;]<\/p>\n","protected":false},"author":4,"featured_media":49588,"comment_status":"open","ping_status":"closed","sticky":false,"template":"","format":"standard","meta":{"om_disable_all_campaigns":false,"_jetpack_memberships_contains_paid_content":false,"footnotes":""},"categories":[50,2,103],"tags":[],"class_list":["post-49586","post","type-post","status-publish","format-standard","has-post-thumbnail","hentry","category-destacadas","category-locales","category-policiales-locales"],"aioseo_notices":[],"gutentor_comment":0,"jetpack_featured_media_url":"https:\/\/eldiariodesanpedro.com.ar\/sitio\/wp-content\/uploads\/2019\/03\/54730519_968482836694189_3033246955456167936_o.jpg","jetpack_shortlink":"https:\/\/wp.me\/p6RhLt-cTM","jetpack_sharing_enabled":true,"_links":{"self":[{"href":"https:\/\/eldiariodesanpedro.com.ar\/sitio\/wp-json\/wp\/v2\/posts\/49586","targetHints":{"allow":["GET"]}}],"collection":[{"href":"https:\/\/eldiariodesanpedro.com.ar\/sitio\/wp-json\/wp\/v2\/posts"}],"about":[{"href":"https:\/\/eldiariodesanpedro.com.ar\/sitio\/wp-json\/wp\/v2\/types\/post"}],"author":[{"embeddable":true,"href":"https:\/\/eldiariodesanpedro.com.ar\/sitio\/wp-json\/wp\/v2\/users\/4"}],"replies":[{"embeddable":true,"href":"https:\/\/eldiariodesanpedro.com.ar\/sitio\/wp-json\/wp\/v2\/comments?post=49586"}],"version-history":[{"count":4,"href":"https:\/\/eldiariodesanpedro.com.ar\/sitio\/wp-json\/wp\/v2\/posts\/49586\/revisions"}],"predecessor-version":[{"id":49625,"href":"https:\/\/eldiariodesanpedro.com.ar\/sitio\/wp-json\/wp\/v2\/posts\/49586\/revisions\/49625"}],"wp:featuredmedia":[{"embeddable":true,"href":"https:\/\/eldiariodesanpedro.com.ar\/sitio\/wp-json\/wp\/v2\/media\/49588"}],"wp:attachment":[{"href":"https:\/\/eldiariodesanpedro.com.ar\/sitio\/wp-json\/wp\/v2\/media?parent=49586"}],"wp:term":[{"taxonomy":"category","embeddable":true,"href":"https:\/\/eldiariodesanpedro.com.ar\/sitio\/wp-json\/wp\/v2\/categories?post=49586"},{"taxonomy":"post_tag","embeddable":true,"href":"https:\/\/eldiariodesanpedro.com.ar\/sitio\/wp-json\/wp\/v2\/tags?post=49586"}],"curies":[{"name":"wp","href":"https:\/\/api.w.org\/{rel}","templated":true}]}}