{"id":49583,"date":"2019-03-26T11:06:59","date_gmt":"2019-03-26T14:06:59","guid":{"rendered":"https:\/\/eldiariodesanpedro.com.ar\/sitio\/?p=49583"},"modified":"2019-03-26T11:07:12","modified_gmt":"2019-03-26T14:07:12","slug":"primera-jubilacion-con-firma-digital","status":"publish","type":"post","link":"https:\/\/eldiariodesanpedro.com.ar\/sitio\/primera-jubilacion-con-firma-digital\/","title":{"rendered":"Primera jubilaci\u00f3n con Firma Digital"},"content":{"rendered":"<!-- VideographyWP Plugin Message: Automatic video embedding prevented by plugin options. -->\n\n<p> El Intendente Municipal Cecilio Salazar, firm\u00f3 la primera jubilaci\u00f3n con Firma Digital, a trav\u00e9s de su Token de seguridad.\u00a0<\/p>\n\n\n\n<p>El Intendente Salazar tramit\u00f3 \u00e9ste sistema, el pasado mes de diciembre, en la Direcci\u00f3n Provincial de Sistemas de Informaci\u00f3n y Tecnolog\u00edas, dependiente de la Subsecretar\u00eda para la Modernizaci\u00f3n del Estado del Ministerio de Jefatura de Gabinete de Ministros, del Gobierno de la Provincia de Buenos Aires.<\/p>\n\n\n\n<p>Con \u00e9sta herramienta, el Jefe Comunal podr\u00e1 realizar la certificaci\u00f3n electr\u00f3nica de servicios dentro del proceso jubilaci\u00f3n digital, haciendo que \u00e9ste recurso se agilice y modernice sus procesos administrativos, tareas que se vienen realizando junto a la Direcci\u00f3n de Modernizaci\u00f3n de la Municipalidad de San Pedro.<\/p>\n\n\n\n<p>El nuevo formato, que el Instituto de Previsi\u00f3n Social de la Provincia de Buenos Aires (IPS) implement\u00f3 en las jubilaciones de los estatales de los 135 municipios, permite mejorar la atenci\u00f3n al beneficiario, reducir el tiempo del tr\u00e1mite de 9 meses a s\u00f3lo 90 d\u00edas y dotar de mayor transparencia, modernizaci\u00f3n y efectividad en la gesti\u00f3n de las obligaciones. <\/p>\n","protected":false},"excerpt":{"rendered":"<p>El Intendente Municipal Cecilio Salazar, firm\u00f3 la primera jubilaci\u00f3n con Firma Digital, a trav\u00e9s de su Token de seguridad.\u00a0 El Intendente Salazar tramit\u00f3 \u00e9ste sistema, el pasado mes de diciembre, en la Direcci\u00f3n Provincial de Sistemas de Informaci\u00f3n y Tecnolog\u00edas, dependiente de la Subsecretar\u00eda para la Modernizaci\u00f3n del Estado del Ministerio de Jefatura de Gabinete [&hellip;]<\/p>\n","protected":false},"author":4,"featured_media":49584,"comment_status":"open","ping_status":"closed","sticky":false,"template":"","format":"standard","meta":{"om_disable_all_campaigns":false,"_jetpack_memberships_contains_paid_content":false,"footnotes":""},"categories":[101,2],"tags":[],"class_list":["post-49583","post","type-post","status-publish","format-standard","has-post-thumbnail","hentry","category-interes-general-locales","category-locales"],"aioseo_notices":[],"gutentor_comment":0,"jetpack_featured_media_url":"https:\/\/eldiariodesanpedro.com.ar\/sitio\/wp-content\/uploads\/2019\/03\/B1zOCDyNm_1256x620__1.jpg","jetpack_shortlink":"https:\/\/wp.me\/p6RhLt-cTJ","jetpack_sharing_enabled":true,"_links":{"self":[{"href":"https:\/\/eldiariodesanpedro.com.ar\/sitio\/wp-json\/wp\/v2\/posts\/49583","targetHints":{"allow":["GET"]}}],"collection":[{"href":"https:\/\/eldiariodesanpedro.com.ar\/sitio\/wp-json\/wp\/v2\/posts"}],"about":[{"href":"https:\/\/eldiariodesanpedro.com.ar\/sitio\/wp-json\/wp\/v2\/types\/post"}],"author":[{"embeddable":true,"href":"https:\/\/eldiariodesanpedro.com.ar\/sitio\/wp-json\/wp\/v2\/users\/4"}],"replies":[{"embeddable":true,"href":"https:\/\/eldiariodesanpedro.com.ar\/sitio\/wp-json\/wp\/v2\/comments?post=49583"}],"version-history":[{"count":1,"href":"https:\/\/eldiariodesanpedro.com.ar\/sitio\/wp-json\/wp\/v2\/posts\/49583\/revisions"}],"predecessor-version":[{"id":49585,"href":"https:\/\/eldiariodesanpedro.com.ar\/sitio\/wp-json\/wp\/v2\/posts\/49583\/revisions\/49585"}],"wp:featuredmedia":[{"embeddable":true,"href":"https:\/\/eldiariodesanpedro.com.ar\/sitio\/wp-json\/wp\/v2\/media\/49584"}],"wp:attachment":[{"href":"https:\/\/eldiariodesanpedro.com.ar\/sitio\/wp-json\/wp\/v2\/media?parent=49583"}],"wp:term":[{"taxonomy":"category","embeddable":true,"href":"https:\/\/eldiariodesanpedro.com.ar\/sitio\/wp-json\/wp\/v2\/categories?post=49583"},{"taxonomy":"post_tag","embeddable":true,"href":"https:\/\/eldiariodesanpedro.com.ar\/sitio\/wp-json\/wp\/v2\/tags?post=49583"}],"curies":[{"name":"wp","href":"https:\/\/api.w.org\/{rel}","templated":true}]}}