{"id":49580,"date":"2019-03-26T11:03:14","date_gmt":"2019-03-26T14:03:14","guid":{"rendered":"https:\/\/eldiariodesanpedro.com.ar\/sitio\/?p=49580"},"modified":"2019-03-26T11:03:27","modified_gmt":"2019-03-26T14:03:27","slug":"inauguracion-del-centro-cultural","status":"publish","type":"post","link":"https:\/\/eldiariodesanpedro.com.ar\/sitio\/inauguracion-del-centro-cultural\/","title":{"rendered":"Inauguraci\u00f3n del Centro Cultural"},"content":{"rendered":"<!-- VideographyWP Plugin Message: Automatic video embedding prevented by plugin options. -->\n\n<p>La Municipalidad de San Pedro realizara la Inauguraci\u00f3n del Centro Cultural en el edificio de 25 de Mayo 828, un hecho hist\u00f3rico para nuestra ciudad.<\/p>\n\n\n\n<p> Se va a desarrollar el pr\u00f3ximo s\u00e1bado 30 de marzo a las 20.30.<\/p>\n","protected":false},"excerpt":{"rendered":"<p>La Municipalidad de San Pedro realizara la Inauguraci\u00f3n del Centro Cultural en el edificio de 25 de Mayo 828, un hecho hist\u00f3rico para nuestra ciudad. Se va a desarrollar el pr\u00f3ximo s\u00e1bado 30 de marzo a las 20.30.<\/p>\n","protected":false},"author":4,"featured_media":49581,"comment_status":"open","ping_status":"closed","sticky":false,"template":"","format":"standard","meta":{"om_disable_all_campaigns":false,"_jetpack_memberships_contains_paid_content":false,"footnotes":""},"categories":[101,2],"tags":[],"class_list":["post-49580","post","type-post","status-publish","format-standard","has-post-thumbnail","hentry","category-interes-general-locales","category-locales"],"aioseo_notices":[],"gutentor_comment":0,"jetpack_featured_media_url":"https:\/\/eldiariodesanpedro.com.ar\/sitio\/wp-content\/uploads\/2019\/03\/2019-03-26-2.png","jetpack_shortlink":"https:\/\/wp.me\/p6RhLt-cTG","jetpack_sharing_enabled":true,"_links":{"self":[{"href":"https:\/\/eldiariodesanpedro.com.ar\/sitio\/wp-json\/wp\/v2\/posts\/49580","targetHints":{"allow":["GET"]}}],"collection":[{"href":"https:\/\/eldiariodesanpedro.com.ar\/sitio\/wp-json\/wp\/v2\/posts"}],"about":[{"href":"https:\/\/eldiariodesanpedro.com.ar\/sitio\/wp-json\/wp\/v2\/types\/post"}],"author":[{"embeddable":true,"href":"https:\/\/eldiariodesanpedro.com.ar\/sitio\/wp-json\/wp\/v2\/users\/4"}],"replies":[{"embeddable":true,"href":"https:\/\/eldiariodesanpedro.com.ar\/sitio\/wp-json\/wp\/v2\/comments?post=49580"}],"version-history":[{"count":1,"href":"https:\/\/eldiariodesanpedro.com.ar\/sitio\/wp-json\/wp\/v2\/posts\/49580\/revisions"}],"predecessor-version":[{"id":49582,"href":"https:\/\/eldiariodesanpedro.com.ar\/sitio\/wp-json\/wp\/v2\/posts\/49580\/revisions\/49582"}],"wp:featuredmedia":[{"embeddable":true,"href":"https:\/\/eldiariodesanpedro.com.ar\/sitio\/wp-json\/wp\/v2\/media\/49581"}],"wp:attachment":[{"href":"https:\/\/eldiariodesanpedro.com.ar\/sitio\/wp-json\/wp\/v2\/media?parent=49580"}],"wp:term":[{"taxonomy":"category","embeddable":true,"href":"https:\/\/eldiariodesanpedro.com.ar\/sitio\/wp-json\/wp\/v2\/categories?post=49580"},{"taxonomy":"post_tag","embeddable":true,"href":"https:\/\/eldiariodesanpedro.com.ar\/sitio\/wp-json\/wp\/v2\/tags?post=49580"}],"curies":[{"name":"wp","href":"https:\/\/api.w.org\/{rel}","templated":true}]}}