{"id":49570,"date":"2019-03-25T18:14:27","date_gmt":"2019-03-25T21:14:27","guid":{"rendered":"https:\/\/eldiariodesanpedro.com.ar\/sitio\/?p=49570"},"modified":"2019-03-25T18:14:33","modified_gmt":"2019-03-25T21:14:33","slug":"accidente-de-una-embarcacion-en-el-rio-parana-fueron-rescatados-cuatro-tripulantes","status":"publish","type":"post","link":"https:\/\/eldiariodesanpedro.com.ar\/sitio\/accidente-de-una-embarcacion-en-el-rio-parana-fueron-rescatados-cuatro-tripulantes\/","title":{"rendered":"Accidente de una embarcaci\u00f3n en el Rio Parana, fueron rescatados cuatro tripulantes"},"content":{"rendered":"<!-- VideographyWP Plugin Message: Automatic video embedding prevented by plugin options. -->\n\n<p>Este domingo por la tarde noche una embarcaci\u00f3n sufri\u00f3 un accidente n\u00e1utico frente al puerto de San Pedro.<\/p>\n\n\n\n<p>El yate involucrado en el siniestro golpe\u00f3 con un tronco o alg\u00fan elemento que se encontraba hundido y no perceptible a simple vista, lo que provoc\u00f3 alguna ruptura en el casco y el ingreso de agua a la embarcaci\u00f3n.<\/p>\n\n\n\n<p>Se hizo presente inmediatamente una unidad de la Prefectura Naval Argentina para asistir a los cuatro tripulantes y llevarlos a tierra. <\/p>\n\n\n\n<p>La embarcaci\u00f3n no lleg\u00f3 a hundirse por lo que el propietario pudo remolcarlo del lugar del incidente y llevarlo a tierra para su reparaci\u00f3n.<\/p>\n\n\n\n<p>Foto Ilustrativa<\/p>\n","protected":false},"excerpt":{"rendered":"<p>Este domingo por la tarde noche una embarcaci\u00f3n sufri\u00f3 un accidente n\u00e1utico frente al puerto de San Pedro. El yate involucrado en el siniestro golpe\u00f3 con un tronco o alg\u00fan elemento que se encontraba hundido y no perceptible a simple vista, lo que provoc\u00f3 alguna ruptura en el casco y el ingreso de agua a [&hellip;]<\/p>\n","protected":false},"author":4,"featured_media":19075,"comment_status":"open","ping_status":"closed","sticky":false,"template":"","format":"standard","meta":{"om_disable_all_campaigns":false,"_jetpack_memberships_contains_paid_content":false,"footnotes":""},"categories":[2,103],"tags":[],"class_list":["post-49570","post","type-post","status-publish","format-standard","has-post-thumbnail","hentry","category-locales","category-policiales-locales"],"aioseo_notices":[],"gutentor_comment":0,"jetpack_featured_media_url":"https:\/\/eldiariodesanpedro.com.ar\/sitio\/wp-content\/uploads\/2017\/05\/prefectura.jpeg","jetpack_shortlink":"https:\/\/wp.me\/p6RhLt-cTw","jetpack_sharing_enabled":true,"_links":{"self":[{"href":"https:\/\/eldiariodesanpedro.com.ar\/sitio\/wp-json\/wp\/v2\/posts\/49570","targetHints":{"allow":["GET"]}}],"collection":[{"href":"https:\/\/eldiariodesanpedro.com.ar\/sitio\/wp-json\/wp\/v2\/posts"}],"about":[{"href":"https:\/\/eldiariodesanpedro.com.ar\/sitio\/wp-json\/wp\/v2\/types\/post"}],"author":[{"embeddable":true,"href":"https:\/\/eldiariodesanpedro.com.ar\/sitio\/wp-json\/wp\/v2\/users\/4"}],"replies":[{"embeddable":true,"href":"https:\/\/eldiariodesanpedro.com.ar\/sitio\/wp-json\/wp\/v2\/comments?post=49570"}],"version-history":[{"count":1,"href":"https:\/\/eldiariodesanpedro.com.ar\/sitio\/wp-json\/wp\/v2\/posts\/49570\/revisions"}],"predecessor-version":[{"id":49571,"href":"https:\/\/eldiariodesanpedro.com.ar\/sitio\/wp-json\/wp\/v2\/posts\/49570\/revisions\/49571"}],"wp:featuredmedia":[{"embeddable":true,"href":"https:\/\/eldiariodesanpedro.com.ar\/sitio\/wp-json\/wp\/v2\/media\/19075"}],"wp:attachment":[{"href":"https:\/\/eldiariodesanpedro.com.ar\/sitio\/wp-json\/wp\/v2\/media?parent=49570"}],"wp:term":[{"taxonomy":"category","embeddable":true,"href":"https:\/\/eldiariodesanpedro.com.ar\/sitio\/wp-json\/wp\/v2\/categories?post=49570"},{"taxonomy":"post_tag","embeddable":true,"href":"https:\/\/eldiariodesanpedro.com.ar\/sitio\/wp-json\/wp\/v2\/tags?post=49570"}],"curies":[{"name":"wp","href":"https:\/\/api.w.org\/{rel}","templated":true}]}}