{"id":49564,"date":"2019-03-25T17:20:42","date_gmt":"2019-03-25T20:20:42","guid":{"rendered":"https:\/\/eldiariodesanpedro.com.ar\/sitio\/?p=49564"},"modified":"2019-03-25T17:20:51","modified_gmt":"2019-03-25T20:20:51","slug":"cortes-programados-para-este-martes","status":"publish","type":"post","link":"https:\/\/eldiariodesanpedro.com.ar\/sitio\/cortes-programados-para-este-martes\/","title":{"rendered":"Cortes programados para este martes"},"content":{"rendered":"<!-- VideographyWP Plugin Message: Automatic video embedding prevented by plugin options. -->\n\n<p>Desde Coopser se informa que este martes se realizar\u00e1n tareas de mantenimiento en el servicio el\u00e9ctrico en el horario de 8 a 12 en varias zonas :<br>Callej\u00f3n Debock &#8211; Villa Jardin en su totalidad &#8211; Callej\u00f3n\u00a0Vidal en su totalidad &#8211; Callej\u00f3n Novella en su totalidad &#8211; Callej\u00f3n Mascetti (El Independiente) en su totalidad.Ruta 191 desde KM 8.3 hasta 11.8 aproximadamente.<\/p>\n\n\n\n<p>En caso de mal tiempo la actividad ser\u00e1 reprogramada<\/p>\n","protected":false},"excerpt":{"rendered":"<p>Desde Coopser se informa que este martes se realizar\u00e1n tareas de mantenimiento en el servicio el\u00e9ctrico en el horario de 8 a 12 en varias zonas :Callej\u00f3n Debock &#8211; Villa Jardin en su totalidad &#8211; Callej\u00f3n\u00a0Vidal en su totalidad &#8211; Callej\u00f3n Novella en su totalidad &#8211; Callej\u00f3n Mascetti (El Independiente) en su totalidad.Ruta 191 desde [&hellip;]<\/p>\n","protected":false},"author":4,"featured_media":28931,"comment_status":"open","ping_status":"closed","sticky":false,"template":"","format":"standard","meta":{"om_disable_all_campaigns":false,"_jetpack_memberships_contains_paid_content":false,"footnotes":""},"categories":[101,2],"tags":[],"class_list":["post-49564","post","type-post","status-publish","format-standard","has-post-thumbnail","hentry","category-interes-general-locales","category-locales"],"aioseo_notices":[],"gutentor_comment":0,"jetpack_featured_media_url":"https:\/\/eldiariodesanpedro.com.ar\/sitio\/wp-content\/uploads\/2018\/02\/Trabajos-de-COOPSER.jpg","jetpack_shortlink":"https:\/\/wp.me\/p6RhLt-cTq","jetpack_sharing_enabled":true,"_links":{"self":[{"href":"https:\/\/eldiariodesanpedro.com.ar\/sitio\/wp-json\/wp\/v2\/posts\/49564","targetHints":{"allow":["GET"]}}],"collection":[{"href":"https:\/\/eldiariodesanpedro.com.ar\/sitio\/wp-json\/wp\/v2\/posts"}],"about":[{"href":"https:\/\/eldiariodesanpedro.com.ar\/sitio\/wp-json\/wp\/v2\/types\/post"}],"author":[{"embeddable":true,"href":"https:\/\/eldiariodesanpedro.com.ar\/sitio\/wp-json\/wp\/v2\/users\/4"}],"replies":[{"embeddable":true,"href":"https:\/\/eldiariodesanpedro.com.ar\/sitio\/wp-json\/wp\/v2\/comments?post=49564"}],"version-history":[{"count":1,"href":"https:\/\/eldiariodesanpedro.com.ar\/sitio\/wp-json\/wp\/v2\/posts\/49564\/revisions"}],"predecessor-version":[{"id":49565,"href":"https:\/\/eldiariodesanpedro.com.ar\/sitio\/wp-json\/wp\/v2\/posts\/49564\/revisions\/49565"}],"wp:featuredmedia":[{"embeddable":true,"href":"https:\/\/eldiariodesanpedro.com.ar\/sitio\/wp-json\/wp\/v2\/media\/28931"}],"wp:attachment":[{"href":"https:\/\/eldiariodesanpedro.com.ar\/sitio\/wp-json\/wp\/v2\/media?parent=49564"}],"wp:term":[{"taxonomy":"category","embeddable":true,"href":"https:\/\/eldiariodesanpedro.com.ar\/sitio\/wp-json\/wp\/v2\/categories?post=49564"},{"taxonomy":"post_tag","embeddable":true,"href":"https:\/\/eldiariodesanpedro.com.ar\/sitio\/wp-json\/wp\/v2\/tags?post=49564"}],"curies":[{"name":"wp","href":"https:\/\/api.w.org\/{rel}","templated":true}]}}