{"id":49561,"date":"2019-03-25T13:10:33","date_gmt":"2019-03-25T16:10:33","guid":{"rendered":"https:\/\/eldiariodesanpedro.com.ar\/sitio\/?p=49561"},"modified":"2019-03-25T13:10:46","modified_gmt":"2019-03-25T16:10:46","slug":"inta-san-pedro-decima-jornada-de-seleccion-participativa-de-batata","status":"publish","type":"post","link":"https:\/\/eldiariodesanpedro.com.ar\/sitio\/inta-san-pedro-decima-jornada-de-seleccion-participativa-de-batata\/","title":{"rendered":"INTA SAN PEDRO: D\u00e9cima jornada de selecci\u00f3n participativa de batata"},"content":{"rendered":"<!-- VideographyWP Plugin Message: Automatic video embedding prevented by plugin options. -->\n\n<p>Productores de la zona podr\u00e1n conocer m\u00e1s de 50 clones de batata que se est\u00e1n evaluando, en el encuentro que se realizar\u00e1 el mi\u00e9rcoles 27 de marzo a las 9 en INTA San Pedro. Finalmente, los participantes podr\u00e1n degustar nuevas variedades.  <\/p>\n\n\n\n<p>Como lo hace desde 2010, el INTA San Pedro organiza el encuentro donde los productores de este cultivo t\u00edpico de la zona pueden conocer los distintos clones de batata que se est\u00e1n evaluando, a campo y en degustaci\u00f3n. Se realizar\u00e1 el mi\u00e9rcoles 27 a las 9 hs en Ruta Nacional 9, km 170, de San Pedro.<\/p>\n\n\n\n<p> El encuentro es parte fundamental de la tarea de selecci\u00f3n que realiza la unidad y que resulta en el registro peri\u00f3dico de nuevas variedades que se van ajustando a los requerimientos productivos y el gusto del consumidor. En este caso adem\u00e1s de poder degustar los clones promisorios, se podr\u00e1 conocer la variedad Boni INTA que empez\u00f3 a difundirse hace dos a\u00f1os, y compararla con otros cultivares comerciales.<\/p>\n","protected":false},"excerpt":{"rendered":"<p>Productores de la zona podr\u00e1n conocer m\u00e1s de 50 clones de batata que se est\u00e1n evaluando, en el encuentro que se realizar\u00e1 el mi\u00e9rcoles 27 de marzo a las 9 en INTA San Pedro. Finalmente, los participantes podr\u00e1n degustar nuevas variedades. Como lo hace desde 2010, el INTA San Pedro organiza el encuentro donde los [&hellip;]<\/p>\n","protected":false},"author":4,"featured_media":49562,"comment_status":"open","ping_status":"closed","sticky":false,"template":"","format":"standard","meta":{"om_disable_all_campaigns":false,"_jetpack_memberships_contains_paid_content":false,"footnotes":""},"categories":[101,2],"tags":[],"class_list":["post-49561","post","type-post","status-publish","format-standard","has-post-thumbnail","hentry","category-interes-general-locales","category-locales"],"aioseo_notices":[],"gutentor_comment":0,"jetpack_featured_media_url":"https:\/\/eldiariodesanpedro.com.ar\/sitio\/wp-content\/uploads\/2019\/03\/unnamed-5.jpg","jetpack_shortlink":"https:\/\/wp.me\/p6RhLt-cTn","jetpack_sharing_enabled":true,"_links":{"self":[{"href":"https:\/\/eldiariodesanpedro.com.ar\/sitio\/wp-json\/wp\/v2\/posts\/49561","targetHints":{"allow":["GET"]}}],"collection":[{"href":"https:\/\/eldiariodesanpedro.com.ar\/sitio\/wp-json\/wp\/v2\/posts"}],"about":[{"href":"https:\/\/eldiariodesanpedro.com.ar\/sitio\/wp-json\/wp\/v2\/types\/post"}],"author":[{"embeddable":true,"href":"https:\/\/eldiariodesanpedro.com.ar\/sitio\/wp-json\/wp\/v2\/users\/4"}],"replies":[{"embeddable":true,"href":"https:\/\/eldiariodesanpedro.com.ar\/sitio\/wp-json\/wp\/v2\/comments?post=49561"}],"version-history":[{"count":1,"href":"https:\/\/eldiariodesanpedro.com.ar\/sitio\/wp-json\/wp\/v2\/posts\/49561\/revisions"}],"predecessor-version":[{"id":49563,"href":"https:\/\/eldiariodesanpedro.com.ar\/sitio\/wp-json\/wp\/v2\/posts\/49561\/revisions\/49563"}],"wp:featuredmedia":[{"embeddable":true,"href":"https:\/\/eldiariodesanpedro.com.ar\/sitio\/wp-json\/wp\/v2\/media\/49562"}],"wp:attachment":[{"href":"https:\/\/eldiariodesanpedro.com.ar\/sitio\/wp-json\/wp\/v2\/media?parent=49561"}],"wp:term":[{"taxonomy":"category","embeddable":true,"href":"https:\/\/eldiariodesanpedro.com.ar\/sitio\/wp-json\/wp\/v2\/categories?post=49561"},{"taxonomy":"post_tag","embeddable":true,"href":"https:\/\/eldiariodesanpedro.com.ar\/sitio\/wp-json\/wp\/v2\/tags?post=49561"}],"curies":[{"name":"wp","href":"https:\/\/api.w.org\/{rel}","templated":true}]}}