{"id":49558,"date":"2019-03-25T13:08:26","date_gmt":"2019-03-25T16:08:26","guid":{"rendered":"https:\/\/eldiariodesanpedro.com.ar\/sitio\/?p=49558"},"modified":"2019-03-25T13:08:37","modified_gmt":"2019-03-25T16:08:37","slug":"zarate-exitosa-campana-de-donacion-de-sangre-en-zarate-para-el-hospital-garrahan","status":"publish","type":"post","link":"https:\/\/eldiariodesanpedro.com.ar\/sitio\/zarate-exitosa-campana-de-donacion-de-sangre-en-zarate-para-el-hospital-garrahan\/","title":{"rendered":"Z\u00c1RATE: Exitosa campa\u00f1a de donaci\u00f3n de sangre en Z\u00e1rate para el Hospital Garrahan"},"content":{"rendered":"<!-- VideographyWP Plugin Message: Automatic video embedding prevented by plugin options. -->\n\n<p>\n\nEl Municipio de Z\u00e1rate y el Hospital de Pediatr\u00eda \u201cProf. Juan Pedro Garrahan\u201d llevaron a cabo hoy una nueva jornada de donaci\u00f3n de sangre.<\/p>\n\n\n\n<p>La actividad se llev\u00f3 a cabo en el Forum Cultural y la Secretar\u00eda de Salud coordin\u00f3 la inscripci\u00f3n previa de los&nbsp;donantes&nbsp;y asisti\u00f3 permanentemente al personal del Hospital que se acerc\u00f3 a Z\u00e1rate para realizar las extracciones.<\/p>\n\n\n\n<p>Por su parte, la Secretaria de Salud municipal, Dra. Rosana N\u00fa\u00f1ez, explic\u00f3 que adem\u00e1s de la&nbsp;donaci\u00f3n&nbsp;de sangre, con personal del INCUCAI tambi\u00e9n se establece qui\u00e9n puede ser donador de m\u00e9dula \u00f3sea. \u201c15 minutos de tiempo de una persona puede salvar una vida\u201d, afirm\u00f3.<\/p>\n\n\n\n<p>N\u00fa\u00f1ez tambi\u00e9n indic\u00f3: \u201cHemos cubierto el cupo de donantes y ha quedado una lista de posibles donantes para m\u00e1s adelante cuando se desarrolle otra campa\u00f1a. Agradecemos a los vecinos de Z\u00e1rate que siempre son muy solidarios y responden de la mejor manera\u201d.<\/p>\n\n\n\n<p>Finalmente, asegur\u00f3 que el Municipio est\u00e1 al servicio de la salud p\u00fablica y que la comunidad de Z\u00e1rate \u201cest\u00e1 atenta a estas\u00a0campa\u00f1as\u00a0y siempre es muy solidaria\u201d.<\/p>\n\n\n\n<p>Fuente: Mira Zarate<\/p>\n","protected":false},"excerpt":{"rendered":"<p>El Municipio de Z\u00e1rate y el Hospital de Pediatr\u00eda \u201cProf. Juan Pedro Garrahan\u201d llevaron a cabo hoy una nueva jornada de donaci\u00f3n de sangre. La actividad se llev\u00f3 a cabo en el Forum Cultural y la Secretar\u00eda de Salud coordin\u00f3 la inscripci\u00f3n previa de los&nbsp;donantes&nbsp;y asisti\u00f3 permanentemente al personal del Hospital que se acerc\u00f3 a [&hellip;]<\/p>\n","protected":false},"author":4,"featured_media":49559,"comment_status":"open","ping_status":"closed","sticky":false,"template":"","format":"standard","meta":{"om_disable_all_campaigns":false,"_jetpack_memberships_contains_paid_content":false,"footnotes":""},"categories":[621],"tags":[],"class_list":["post-49558","post","type-post","status-publish","format-standard","has-post-thumbnail","hentry","category-regionales"],"aioseo_notices":[],"gutentor_comment":0,"jetpack_featured_media_url":"https:\/\/eldiariodesanpedro.com.ar\/sitio\/wp-content\/uploads\/2019\/03\/campana-de-donacion-1.jpg","jetpack_shortlink":"https:\/\/wp.me\/p6RhLt-cTk","jetpack_sharing_enabled":true,"_links":{"self":[{"href":"https:\/\/eldiariodesanpedro.com.ar\/sitio\/wp-json\/wp\/v2\/posts\/49558","targetHints":{"allow":["GET"]}}],"collection":[{"href":"https:\/\/eldiariodesanpedro.com.ar\/sitio\/wp-json\/wp\/v2\/posts"}],"about":[{"href":"https:\/\/eldiariodesanpedro.com.ar\/sitio\/wp-json\/wp\/v2\/types\/post"}],"author":[{"embeddable":true,"href":"https:\/\/eldiariodesanpedro.com.ar\/sitio\/wp-json\/wp\/v2\/users\/4"}],"replies":[{"embeddable":true,"href":"https:\/\/eldiariodesanpedro.com.ar\/sitio\/wp-json\/wp\/v2\/comments?post=49558"}],"version-history":[{"count":1,"href":"https:\/\/eldiariodesanpedro.com.ar\/sitio\/wp-json\/wp\/v2\/posts\/49558\/revisions"}],"predecessor-version":[{"id":49560,"href":"https:\/\/eldiariodesanpedro.com.ar\/sitio\/wp-json\/wp\/v2\/posts\/49558\/revisions\/49560"}],"wp:featuredmedia":[{"embeddable":true,"href":"https:\/\/eldiariodesanpedro.com.ar\/sitio\/wp-json\/wp\/v2\/media\/49559"}],"wp:attachment":[{"href":"https:\/\/eldiariodesanpedro.com.ar\/sitio\/wp-json\/wp\/v2\/media?parent=49558"}],"wp:term":[{"taxonomy":"category","embeddable":true,"href":"https:\/\/eldiariodesanpedro.com.ar\/sitio\/wp-json\/wp\/v2\/categories?post=49558"},{"taxonomy":"post_tag","embeddable":true,"href":"https:\/\/eldiariodesanpedro.com.ar\/sitio\/wp-json\/wp\/v2\/tags?post=49558"}],"curies":[{"name":"wp","href":"https:\/\/api.w.org\/{rel}","templated":true}]}}