{"id":49554,"date":"2019-03-25T13:06:23","date_gmt":"2019-03-25T16:06:23","guid":{"rendered":"https:\/\/eldiariodesanpedro.com.ar\/sitio\/?p=49554"},"modified":"2019-03-25T13:06:34","modified_gmt":"2019-03-25T16:06:34","slug":"carmen-de-areco-9-muerto-en-un-choque-entre-camion-y-camioneta","status":"publish","type":"post","link":"https:\/\/eldiariodesanpedro.com.ar\/sitio\/carmen-de-areco-9-muerto-en-un-choque-entre-camion-y-camioneta\/","title":{"rendered":"CARMEN DE ARECO: 9 muerto en un choque entre cami\u00f3n y camioneta"},"content":{"rendered":"<!-- VideographyWP Plugin Message: Automatic video embedding prevented by plugin options. -->\n\n<p>\n\nEl siniestro ocurri\u00f3 en el cruce de las rutas 7 y 51. En uno de los veh\u00edculos involucrados iban 16 personas. Entre los fallecidos, todos de una comunidad gitana, hay 4 menores.<\/p>\n\n\n\n<p>Nueva personas murieron en un acciedente entre&nbsp;cami\u00f3n de gran porte y una camioneta este domingo en la ruta provincial 51, a la altura de la localidad bonaerense de&nbsp;Carmen de Areco.<\/p>\n\n\n\n<p>Seg\u00fan afirman fuentes, dentro de uno de los veh\u00edculos viajaban 16 personas, todas de la comunidad gitana.&nbsp;<\/p>\n\n\n\n<p>\u00abCuando llegamos al lugar no encontramos a nadie en la camioneta, todos los cuerpos estaban esparcidos sobre la cinta asf\u00e1ltica\u00bb, afirm\u00f3&nbsp;Alberto Salazar, jefe de Bomberos de Areco, quien consider\u00f3&nbsp;que es&nbsp;\u00abun cruce muy peligroso. La ruta nacional 7 es muy transitada\u00bb.<\/p>\n\n\n\n<p>Los heridos son cinco: dos son menores, que se encuentran en estado grave. Y tres son mayores. Se trata de dos hombres y una mujer.<\/p>\n\n\n\n<p>El conductor del\u00a0otro veh\u00edculo, que\u00a0es un cami\u00f3n con acoplado tipo jaula, color rojo y blanco, sali\u00f3 ileso y tras declarar en una comisar\u00eda local, fue internado\u00a0\u00aben estado de shock\u00bb.<\/p>\n\n\n\n<figure class=\"wp-block-image\"><img decoding=\"async\" width=\"960\" height=\"450\" data-attachment-id=\"49556\" data-permalink=\"https:\/\/eldiariodesanpedro.com.ar\/sitio\/carmen-de-areco-9-muerto-en-un-choque-entre-camion-y-camioneta\/bbx_894954873_1_accidente11-jpeg_578474320\/\" data-orig-file=\"https:\/\/eldiariodesanpedro.com.ar\/sitio\/wp-content\/uploads\/2019\/03\/bbx_894954873_1_accidente11.jpeg_578474320.jpeg\" data-orig-size=\"960,450\" data-comments-opened=\"1\" data-image-meta=\"{&quot;aperture&quot;:&quot;0&quot;,&quot;credit&quot;:&quot;&quot;,&quot;camera&quot;:&quot;&quot;,&quot;caption&quot;:&quot;&quot;,&quot;created_timestamp&quot;:&quot;0&quot;,&quot;copyright&quot;:&quot;&quot;,&quot;focal_length&quot;:&quot;0&quot;,&quot;iso&quot;:&quot;0&quot;,&quot;shutter_speed&quot;:&quot;0&quot;,&quot;title&quot;:&quot;&quot;,&quot;orientation&quot;:&quot;0&quot;}\" data-image-title=\"bbx_894954873_1_accidente11.jpeg_578474320\" data-image-description=\"\" data-image-caption=\"\" data-large-file=\"https:\/\/eldiariodesanpedro.com.ar\/sitio\/wp-content\/uploads\/2019\/03\/bbx_894954873_1_accidente11.jpeg_578474320.jpeg\" data-src=\"https:\/\/eldiariodesanpedro.com.ar\/sitio\/wp-content\/uploads\/2019\/03\/bbx_894954873_1_accidente11.jpeg_578474320.jpeg\" alt=\"\" class=\"wp-image-49556 lazyload\" data-srcset=\"https:\/\/eldiariodesanpedro.com.ar\/sitio\/wp-content\/uploads\/2019\/03\/bbx_894954873_1_accidente11.jpeg_578474320.jpeg 960w, https:\/\/eldiariodesanpedro.com.ar\/sitio\/wp-content\/uploads\/2019\/03\/bbx_894954873_1_accidente11.jpeg_578474320-300x141.jpeg 300w, https:\/\/eldiariodesanpedro.com.ar\/sitio\/wp-content\/uploads\/2019\/03\/bbx_894954873_1_accidente11.jpeg_578474320-768x360.jpeg 768w\" data-sizes=\"(max-width: 960px) 100vw, 960px\" src=\"data:image\/svg+xml;base64,PHN2ZyB3aWR0aD0iMSIgaGVpZ2h0PSIxIiB4bWxucz0iaHR0cDovL3d3dy53My5vcmcvMjAwMC9zdmciPjwvc3ZnPg==\" style=\"--smush-placeholder-width: 960px; --smush-placeholder-aspect-ratio: 960\/450;\" \/><\/figure>\n","protected":false},"excerpt":{"rendered":"<p>El siniestro ocurri\u00f3 en el cruce de las rutas 7 y 51. En uno de los veh\u00edculos involucrados iban 16 personas. Entre los fallecidos, todos de una comunidad gitana, hay 4 menores. Nueva personas murieron en un acciedente entre&nbsp;cami\u00f3n de gran porte y una camioneta este domingo en la ruta provincial 51, a la altura [&hellip;]<\/p>\n","protected":false},"author":4,"featured_media":49555,"comment_status":"open","ping_status":"closed","sticky":false,"template":"","format":"standard","meta":{"om_disable_all_campaigns":false,"_jetpack_memberships_contains_paid_content":false,"footnotes":""},"categories":[621],"tags":[],"class_list":["post-49554","post","type-post","status-publish","format-standard","has-post-thumbnail","hentry","category-regionales"],"aioseo_notices":[],"gutentor_comment":0,"jetpack_featured_media_url":"https:\/\/eldiariodesanpedro.com.ar\/sitio\/wp-content\/uploads\/2019\/03\/55506815_10212569055975975_4572898009863421952_n_crop1553469306441.jpg_1734428432.jpg","jetpack_shortlink":"https:\/\/wp.me\/p6RhLt-cTg","jetpack_sharing_enabled":true,"_links":{"self":[{"href":"https:\/\/eldiariodesanpedro.com.ar\/sitio\/wp-json\/wp\/v2\/posts\/49554","targetHints":{"allow":["GET"]}}],"collection":[{"href":"https:\/\/eldiariodesanpedro.com.ar\/sitio\/wp-json\/wp\/v2\/posts"}],"about":[{"href":"https:\/\/eldiariodesanpedro.com.ar\/sitio\/wp-json\/wp\/v2\/types\/post"}],"author":[{"embeddable":true,"href":"https:\/\/eldiariodesanpedro.com.ar\/sitio\/wp-json\/wp\/v2\/users\/4"}],"replies":[{"embeddable":true,"href":"https:\/\/eldiariodesanpedro.com.ar\/sitio\/wp-json\/wp\/v2\/comments?post=49554"}],"version-history":[{"count":1,"href":"https:\/\/eldiariodesanpedro.com.ar\/sitio\/wp-json\/wp\/v2\/posts\/49554\/revisions"}],"predecessor-version":[{"id":49557,"href":"https:\/\/eldiariodesanpedro.com.ar\/sitio\/wp-json\/wp\/v2\/posts\/49554\/revisions\/49557"}],"wp:featuredmedia":[{"embeddable":true,"href":"https:\/\/eldiariodesanpedro.com.ar\/sitio\/wp-json\/wp\/v2\/media\/49555"}],"wp:attachment":[{"href":"https:\/\/eldiariodesanpedro.com.ar\/sitio\/wp-json\/wp\/v2\/media?parent=49554"}],"wp:term":[{"taxonomy":"category","embeddable":true,"href":"https:\/\/eldiariodesanpedro.com.ar\/sitio\/wp-json\/wp\/v2\/categories?post=49554"},{"taxonomy":"post_tag","embeddable":true,"href":"https:\/\/eldiariodesanpedro.com.ar\/sitio\/wp-json\/wp\/v2\/tags?post=49554"}],"curies":[{"name":"wp","href":"https:\/\/api.w.org\/{rel}","templated":true}]}}