{"id":49545,"date":"2019-03-25T12:46:47","date_gmt":"2019-03-25T15:46:47","guid":{"rendered":"https:\/\/eldiariodesanpedro.com.ar\/sitio\/?p=49545"},"modified":"2019-03-25T12:46:56","modified_gmt":"2019-03-25T15:46:56","slug":"baradero-bomberos-acudio-al-incendio-de-un-auto-el-cual-se-cree-que-fue-intencional","status":"publish","type":"post","link":"https:\/\/eldiariodesanpedro.com.ar\/sitio\/baradero-bomberos-acudio-al-incendio-de-un-auto-el-cual-se-cree-que-fue-intencional\/","title":{"rendered":"BARADERO: Bomberos acudi\u00f3 al incendio de un auto, el cual se cree que fue intencional"},"content":{"rendered":"<!-- VideographyWP Plugin Message: Automatic video embedding prevented by plugin options. -->\n\n<p>\n\nEl m\u00f3vil de LS2 RADIO 96.9 estuvo trabajando al momento del incendio que se produjo en la esquina de Lavalle y Pacheco de Melo cerca de las 2 de la ma\u00f1ana de \u00e9ste \u00faltimo mi\u00e9rcoles cuando un auto marca Peugeot 307 comenz\u00f3 a prenderse fuego. Los Bomberos Voluntarios r\u00e1pidamente se dirigieron al lugar para extinguir las llamas. El propietario del veh\u00edculo es un efectivo de la Polic\u00eda Comunal. En tanto, el veh\u00edculo estaba en un taller mec\u00e1nico cercano, por eso raz\u00f3n, en la ma\u00f1ana de LS2 RADIO 96.9 . Juan Carlos Aned dialog\u00f3 con la emisora y dio su versi\u00f3n de los ocurrido.\n\n<\/p>\n","protected":false},"excerpt":{"rendered":"<p>El m\u00f3vil de LS2 RADIO 96.9 estuvo trabajando al momento del incendio que se produjo en la esquina de Lavalle y Pacheco de Melo cerca de las 2 de la ma\u00f1ana de \u00e9ste \u00faltimo mi\u00e9rcoles cuando un auto marca Peugeot 307 comenz\u00f3 a prenderse fuego. Los Bomberos Voluntarios r\u00e1pidamente se dirigieron al lugar para extinguir [&hellip;]<\/p>\n","protected":false},"author":4,"featured_media":49546,"comment_status":"open","ping_status":"closed","sticky":false,"template":"","format":"standard","meta":{"om_disable_all_campaigns":false,"_jetpack_memberships_contains_paid_content":false,"footnotes":""},"categories":[621],"tags":[],"class_list":["post-49545","post","type-post","status-publish","format-standard","has-post-thumbnail","hentry","category-regionales"],"aioseo_notices":[],"gutentor_comment":0,"jetpack_featured_media_url":"https:\/\/eldiariodesanpedro.com.ar\/sitio\/wp-content\/uploads\/2019\/03\/WhatsApp-Image-2019-03-21-at-09.17.45.jpeg","jetpack_shortlink":"https:\/\/wp.me\/p6RhLt-cT7","jetpack_sharing_enabled":true,"_links":{"self":[{"href":"https:\/\/eldiariodesanpedro.com.ar\/sitio\/wp-json\/wp\/v2\/posts\/49545","targetHints":{"allow":["GET"]}}],"collection":[{"href":"https:\/\/eldiariodesanpedro.com.ar\/sitio\/wp-json\/wp\/v2\/posts"}],"about":[{"href":"https:\/\/eldiariodesanpedro.com.ar\/sitio\/wp-json\/wp\/v2\/types\/post"}],"author":[{"embeddable":true,"href":"https:\/\/eldiariodesanpedro.com.ar\/sitio\/wp-json\/wp\/v2\/users\/4"}],"replies":[{"embeddable":true,"href":"https:\/\/eldiariodesanpedro.com.ar\/sitio\/wp-json\/wp\/v2\/comments?post=49545"}],"version-history":[{"count":1,"href":"https:\/\/eldiariodesanpedro.com.ar\/sitio\/wp-json\/wp\/v2\/posts\/49545\/revisions"}],"predecessor-version":[{"id":49547,"href":"https:\/\/eldiariodesanpedro.com.ar\/sitio\/wp-json\/wp\/v2\/posts\/49545\/revisions\/49547"}],"wp:featuredmedia":[{"embeddable":true,"href":"https:\/\/eldiariodesanpedro.com.ar\/sitio\/wp-json\/wp\/v2\/media\/49546"}],"wp:attachment":[{"href":"https:\/\/eldiariodesanpedro.com.ar\/sitio\/wp-json\/wp\/v2\/media?parent=49545"}],"wp:term":[{"taxonomy":"category","embeddable":true,"href":"https:\/\/eldiariodesanpedro.com.ar\/sitio\/wp-json\/wp\/v2\/categories?post=49545"},{"taxonomy":"post_tag","embeddable":true,"href":"https:\/\/eldiariodesanpedro.com.ar\/sitio\/wp-json\/wp\/v2\/tags?post=49545"}],"curies":[{"name":"wp","href":"https:\/\/api.w.org\/{rel}","templated":true}]}}