{"id":49541,"date":"2019-03-25T12:34:46","date_gmt":"2019-03-25T15:34:46","guid":{"rendered":"https:\/\/eldiariodesanpedro.com.ar\/sitio\/?p=49541"},"modified":"2019-03-25T12:34:56","modified_gmt":"2019-03-25T15:34:56","slug":"san-nicolas-un-efectivo-de-prefectura-huyo-de-un-control-vehicular-con-2-2-de-alcohol-en-sangre-y-atropello-a-un-motociclista","status":"publish","type":"post","link":"https:\/\/eldiariodesanpedro.com.ar\/sitio\/san-nicolas-un-efectivo-de-prefectura-huyo-de-un-control-vehicular-con-2-2-de-alcohol-en-sangre-y-atropello-a-un-motociclista\/","title":{"rendered":"SAN NICOLAS: Un efectivo de Prefectura huy\u00f3 de un control vehicular con 2.2 de alcohol en sangre y atropell\u00f3 a un motociclista"},"content":{"rendered":"<!-- VideographyWP Plugin Message: Automatic video embedding prevented by plugin options. -->\n\n<p>\n\nEl hecho ocurri\u00f3 en horas de la madrugada de este domingo en inmediaciones de calle Belgrano y 9 de Julio donde se encontraba el puesto de control e interceptaci\u00f3n vehicular a cargo de inspectores de la municipalidad con apoyo de las fuerzas de seguridad.<\/p>\n\n\n\n<p>En medio del operativo, interceptan un auto Volkswagen Vento conducido por un joven de 24 a\u00f1os. Al realizarle la prueba de alcoholemia arroj\u00f3 que ten\u00eda 2.2 de alcohol en sangre. Se trata del Oficial Cepeda de 24 a\u00f1os de edad.&nbsp;<\/p>\n\n\n\n<p>El sujeto no quiso bajar del auto y huy\u00f3 con su veh\u00edculo dejando sus papeles a los inspectores quienes corroboraron que se trataba de un efectivo de Prefectura Naval Argentina. En la huida atropell\u00f3 a una moto en calle Belgrano y Av. Moreno dej\u00e1ndo a la persona abandonada y escapando.<\/p>\n\n\n\n<p>La car\u00e1tula es Desobediencia y Lesiones Culposas. Ninguno de los delitos considera la detenci\u00f3n.&nbsp;<\/p>\n\n\n\n<p>Por su parte Prefectura Naval solicit\u00f3 las actuaciones para iniciarle un sumario administrativo.&nbsp;<\/p>\n\n\n\n<p>Y Fiscal\u00eda lo citar\u00e1 para tomarle declaraci\u00f3n sobre lo sucedido y le informar\u00e1 el inicio de la causa. <\/p>\n\n\n\n<p>Fuente: Diario El Informante<\/p>\n","protected":false},"excerpt":{"rendered":"<p>El hecho ocurri\u00f3 en horas de la madrugada de este domingo en inmediaciones de calle Belgrano y 9 de Julio donde se encontraba el puesto de control e interceptaci\u00f3n vehicular a cargo de inspectores de la municipalidad con apoyo de las fuerzas de seguridad. En medio del operativo, interceptan un auto Volkswagen Vento conducido por [&hellip;]<\/p>\n","protected":false},"author":4,"featured_media":49542,"comment_status":"open","ping_status":"closed","sticky":false,"template":"","format":"standard","meta":{"om_disable_all_campaigns":false,"_jetpack_memberships_contains_paid_content":false,"footnotes":""},"categories":[621],"tags":[],"class_list":["post-49541","post","type-post","status-publish","format-standard","has-post-thumbnail","hentry","category-regionales"],"aioseo_notices":[],"gutentor_comment":0,"jetpack_featured_media_url":"https:\/\/eldiariodesanpedro.com.ar\/sitio\/wp-content\/uploads\/2019\/03\/no_9gj63eldklzrhupe.jpg","jetpack_shortlink":"https:\/\/wp.me\/p6RhLt-cT3","jetpack_sharing_enabled":true,"_links":{"self":[{"href":"https:\/\/eldiariodesanpedro.com.ar\/sitio\/wp-json\/wp\/v2\/posts\/49541","targetHints":{"allow":["GET"]}}],"collection":[{"href":"https:\/\/eldiariodesanpedro.com.ar\/sitio\/wp-json\/wp\/v2\/posts"}],"about":[{"href":"https:\/\/eldiariodesanpedro.com.ar\/sitio\/wp-json\/wp\/v2\/types\/post"}],"author":[{"embeddable":true,"href":"https:\/\/eldiariodesanpedro.com.ar\/sitio\/wp-json\/wp\/v2\/users\/4"}],"replies":[{"embeddable":true,"href":"https:\/\/eldiariodesanpedro.com.ar\/sitio\/wp-json\/wp\/v2\/comments?post=49541"}],"version-history":[{"count":1,"href":"https:\/\/eldiariodesanpedro.com.ar\/sitio\/wp-json\/wp\/v2\/posts\/49541\/revisions"}],"predecessor-version":[{"id":49543,"href":"https:\/\/eldiariodesanpedro.com.ar\/sitio\/wp-json\/wp\/v2\/posts\/49541\/revisions\/49543"}],"wp:featuredmedia":[{"embeddable":true,"href":"https:\/\/eldiariodesanpedro.com.ar\/sitio\/wp-json\/wp\/v2\/media\/49542"}],"wp:attachment":[{"href":"https:\/\/eldiariodesanpedro.com.ar\/sitio\/wp-json\/wp\/v2\/media?parent=49541"}],"wp:term":[{"taxonomy":"category","embeddable":true,"href":"https:\/\/eldiariodesanpedro.com.ar\/sitio\/wp-json\/wp\/v2\/categories?post=49541"},{"taxonomy":"post_tag","embeddable":true,"href":"https:\/\/eldiariodesanpedro.com.ar\/sitio\/wp-json\/wp\/v2\/tags?post=49541"}],"curies":[{"name":"wp","href":"https:\/\/api.w.org\/{rel}","templated":true}]}}