{"id":49535,"date":"2019-03-25T12:22:16","date_gmt":"2019-03-25T15:22:16","guid":{"rendered":"https:\/\/eldiariodesanpedro.com.ar\/sitio\/?p=49535"},"modified":"2019-03-25T12:39:43","modified_gmt":"2019-03-25T15:39:43","slug":"arrecifes-grave-accidente-en-ruta-8","status":"publish","type":"post","link":"https:\/\/eldiariodesanpedro.com.ar\/sitio\/arrecifes-grave-accidente-en-ruta-8\/","title":{"rendered":"ARRECIFES: Grave accidente en ruta 8"},"content":{"rendered":"<!-- VideographyWP Plugin Message: Automatic video embedding prevented by plugin options. -->\n\n<p>Un Peugeot 408 y un cami\u00f3n Scania de la firma YPF (de una empresa de Jun\u00edn) de gas licuado de petr\u00f3leo chocaron esta ma\u00f1ana en el kil\u00f3metro 209 de la ruta nacional N\u00ba 8 en cercan\u00edas de Urquiza.<\/p>\n\n\n\n<p>El veh\u00edculo menor (se dirig\u00eda en sentido Arrecifes-Pergamino) era conducido por la Griselda Carmen Benav\u00eddez, de 62 a\u00f1os, domiciliada Pergamino; en tanto que el transporte lo guiaba Guillermo Jos\u00e9 Gonz\u00e1lez, de 50 a\u00f1os, con domicilio en Jun\u00edn.<\/p>\n\n\n\n<p>Intervinieron Bomberos Voluntarios de Pergamino, que debieron trabajar para rescatar a la mujer para ser trasladada por el SAME al Hospital San Jos\u00e9.<\/p>\n\n\n\n<p>Fuente: La Opini\u00f3n de Pergamino<\/p>\n","protected":false},"excerpt":{"rendered":"<p>Un Peugeot 408 y un cami\u00f3n Scania de la firma YPF (de una empresa de Jun\u00edn) de gas licuado de petr\u00f3leo chocaron esta ma\u00f1ana en el kil\u00f3metro 209 de la ruta nacional N\u00ba 8 en cercan\u00edas de Urquiza. El veh\u00edculo menor (se dirig\u00eda en sentido Arrecifes-Pergamino) era conducido por la Griselda Carmen Benav\u00eddez, de 62 [&hellip;]<\/p>\n","protected":false},"author":4,"featured_media":49536,"comment_status":"open","ping_status":"closed","sticky":false,"template":"","format":"standard","meta":{"om_disable_all_campaigns":false,"_jetpack_memberships_contains_paid_content":false,"footnotes":""},"categories":[621],"tags":[],"class_list":["post-49535","post","type-post","status-publish","format-standard","has-post-thumbnail","hentry","category-regionales"],"aioseo_notices":[],"gutentor_comment":0,"jetpack_featured_media_url":"https:\/\/eldiariodesanpedro.com.ar\/sitio\/wp-content\/uploads\/2019\/03\/Peugeot-408-choque-787x510.jpg","jetpack_shortlink":"https:\/\/wp.me\/p6RhLt-cSX","jetpack_sharing_enabled":true,"_links":{"self":[{"href":"https:\/\/eldiariodesanpedro.com.ar\/sitio\/wp-json\/wp\/v2\/posts\/49535","targetHints":{"allow":["GET"]}}],"collection":[{"href":"https:\/\/eldiariodesanpedro.com.ar\/sitio\/wp-json\/wp\/v2\/posts"}],"about":[{"href":"https:\/\/eldiariodesanpedro.com.ar\/sitio\/wp-json\/wp\/v2\/types\/post"}],"author":[{"embeddable":true,"href":"https:\/\/eldiariodesanpedro.com.ar\/sitio\/wp-json\/wp\/v2\/users\/4"}],"replies":[{"embeddable":true,"href":"https:\/\/eldiariodesanpedro.com.ar\/sitio\/wp-json\/wp\/v2\/comments?post=49535"}],"version-history":[{"count":2,"href":"https:\/\/eldiariodesanpedro.com.ar\/sitio\/wp-json\/wp\/v2\/posts\/49535\/revisions"}],"predecessor-version":[{"id":49544,"href":"https:\/\/eldiariodesanpedro.com.ar\/sitio\/wp-json\/wp\/v2\/posts\/49535\/revisions\/49544"}],"wp:featuredmedia":[{"embeddable":true,"href":"https:\/\/eldiariodesanpedro.com.ar\/sitio\/wp-json\/wp\/v2\/media\/49536"}],"wp:attachment":[{"href":"https:\/\/eldiariodesanpedro.com.ar\/sitio\/wp-json\/wp\/v2\/media?parent=49535"}],"wp:term":[{"taxonomy":"category","embeddable":true,"href":"https:\/\/eldiariodesanpedro.com.ar\/sitio\/wp-json\/wp\/v2\/categories?post=49535"},{"taxonomy":"post_tag","embeddable":true,"href":"https:\/\/eldiariodesanpedro.com.ar\/sitio\/wp-json\/wp\/v2\/tags?post=49535"}],"curies":[{"name":"wp","href":"https:\/\/api.w.org\/{rel}","templated":true}]}}