{"id":49532,"date":"2019-03-25T10:35:12","date_gmt":"2019-03-25T13:35:12","guid":{"rendered":"https:\/\/eldiariodesanpedro.com.ar\/sitio\/?p=49532"},"modified":"2019-03-25T10:35:23","modified_gmt":"2019-03-25T13:35:23","slug":"fiscal-ramos-lo-llamativo-es-que-se-animen-a-tanto","status":"publish","type":"post","link":"https:\/\/eldiariodesanpedro.com.ar\/sitio\/fiscal-ramos-lo-llamativo-es-que-se-animen-a-tanto\/","title":{"rendered":"Fiscal Ramos: \u201cLo llamativo es que se animen a tanto\u201d"},"content":{"rendered":"<!-- VideographyWP Plugin Message: Automatic video embedding prevented by plugin options. -->\n\n<p>La titular de la Fiscal\u00eda 11 es quien est\u00e1 a cargo de la investigaci\u00f3n del robo a la sede judicial.<\/p>\n\n\n\n<p>El s\u00e1bado el edificio de la Fiscal\u00eda fue robado por desconocidos. Sucedi\u00f3 entre la ma\u00f1ana y la tarde y el o los autores ingresaron por los techos tras violentar una chapa.<\/p>\n\n\n\n<p>Se llevaron cuatro armas de fuego y efectuaron todo tipo de desmanes en el interior de las dos Fiscal\u00edas, tanto la 11 como la 5.<\/p>\n\n\n\n<p>A su llegada a la ciudad la Dra. Viviana Ramos, titular de la Ufi 11 dialog\u00f3 en exclusiva con San Pedro Informa y sostuvo: \u201cEstamos como v\u00edctimas de este hecho mostrando una vez que aun siendo fiscal\u00eda no contamos con ning\u00fan sistema de seguridad\u201d. \u201cEs una situaci\u00f3n que se deber\u00eda prever\u201d.<\/p>\n\n\n\n<p>\u201cHemos relevado el faltante de armas de fuego de distintas causas, esas armas tienen un n\u00famero de registro que bien podr\u00eda ser un dato que nos puede servir\u201d.<\/p>\n\n\n\n<p>\u201cPodemos suponer que le hecho fue cometido por una persona de dimensiones medianas porque el boquete por el que ingres\u00f3 es muy peque\u00f1o\u201d, destac\u00f3 Ramos.<\/p>\n\n\n\n<p>\u201cVenimos haciendo reclamos edilicios y dem\u00e1s, que uno suma ante esta situaci\u00f3n de falta de seguridad, ac\u00e1 lo llamativo es que se animen a tanto\u201d.<\/p>\n\n\n\n<p>\u201cQue suceda en un edificio p\u00fablico destinado a\u00a0 la investigaci\u00f3n de delito y sea vulnerado \u00a0a su vez como dando un mensaje de que todos estamos expuesto a lo mismo, casi como un mensaje mafioso\u201d, se\u00f1al\u00f3 la letrada.<\/p>\n\n\n\n<p>Fuente: San Pedro Informa<\/p>\n","protected":false},"excerpt":{"rendered":"<p>La titular de la Fiscal\u00eda 11 es quien est\u00e1 a cargo de la investigaci\u00f3n del robo a la sede judicial. El s\u00e1bado el edificio de la Fiscal\u00eda fue robado por desconocidos. Sucedi\u00f3 entre la ma\u00f1ana y la tarde y el o los autores ingresaron por los techos tras violentar una chapa. Se llevaron cuatro armas [&hellip;]<\/p>\n","protected":false},"author":4,"featured_media":49533,"comment_status":"open","ping_status":"closed","sticky":false,"template":"","format":"standard","meta":{"om_disable_all_campaigns":false,"_jetpack_memberships_contains_paid_content":false,"footnotes":""},"categories":[50,2,103],"tags":[],"class_list":["post-49532","post","type-post","status-publish","format-standard","has-post-thumbnail","hentry","category-destacadas","category-locales","category-policiales-locales"],"aioseo_notices":[],"gutentor_comment":1,"jetpack_featured_media_url":"https:\/\/eldiariodesanpedro.com.ar\/sitio\/wp-content\/uploads\/2019\/03\/000076241.jpg","jetpack_shortlink":"https:\/\/wp.me\/p6RhLt-cSU","jetpack_sharing_enabled":true,"_links":{"self":[{"href":"https:\/\/eldiariodesanpedro.com.ar\/sitio\/wp-json\/wp\/v2\/posts\/49532","targetHints":{"allow":["GET"]}}],"collection":[{"href":"https:\/\/eldiariodesanpedro.com.ar\/sitio\/wp-json\/wp\/v2\/posts"}],"about":[{"href":"https:\/\/eldiariodesanpedro.com.ar\/sitio\/wp-json\/wp\/v2\/types\/post"}],"author":[{"embeddable":true,"href":"https:\/\/eldiariodesanpedro.com.ar\/sitio\/wp-json\/wp\/v2\/users\/4"}],"replies":[{"embeddable":true,"href":"https:\/\/eldiariodesanpedro.com.ar\/sitio\/wp-json\/wp\/v2\/comments?post=49532"}],"version-history":[{"count":1,"href":"https:\/\/eldiariodesanpedro.com.ar\/sitio\/wp-json\/wp\/v2\/posts\/49532\/revisions"}],"predecessor-version":[{"id":49534,"href":"https:\/\/eldiariodesanpedro.com.ar\/sitio\/wp-json\/wp\/v2\/posts\/49532\/revisions\/49534"}],"wp:featuredmedia":[{"embeddable":true,"href":"https:\/\/eldiariodesanpedro.com.ar\/sitio\/wp-json\/wp\/v2\/media\/49533"}],"wp:attachment":[{"href":"https:\/\/eldiariodesanpedro.com.ar\/sitio\/wp-json\/wp\/v2\/media?parent=49532"}],"wp:term":[{"taxonomy":"category","embeddable":true,"href":"https:\/\/eldiariodesanpedro.com.ar\/sitio\/wp-json\/wp\/v2\/categories?post=49532"},{"taxonomy":"post_tag","embeddable":true,"href":"https:\/\/eldiariodesanpedro.com.ar\/sitio\/wp-json\/wp\/v2\/tags?post=49532"}],"curies":[{"name":"wp","href":"https:\/\/api.w.org\/{rel}","templated":true}]}}