{"id":49524,"date":"2019-03-25T10:29:21","date_gmt":"2019-03-25T13:29:21","guid":{"rendered":"https:\/\/eldiariodesanpedro.com.ar\/sitio\/?p=49524"},"modified":"2019-03-25T10:29:32","modified_gmt":"2019-03-25T13:29:32","slug":"un-ejemplar-del-periodico-el-independiente-nos-remonta-a-los-origenes-de-san-pedro","status":"publish","type":"post","link":"https:\/\/eldiariodesanpedro.com.ar\/sitio\/un-ejemplar-del-periodico-el-independiente-nos-remonta-a-los-origenes-de-san-pedro\/","title":{"rendered":"Un ejemplar del peri\u00f3dico \u201cEl Independiente\u201d nos remonta a los or\u00edgenes de San Pedro"},"content":{"rendered":"<!-- VideographyWP Plugin Message: Automatic video embedding prevented by plugin options. -->\n\n<p>En los \u00faltimos d\u00edas, el Grupo Conservacionista recibi\u00f3 un ejemplar del peri\u00f3dico \u201cEl Independendiente\u201d de octubre de 1957, antigua publicaci\u00f3n sampedrina de la familia Mascetti.<\/p>\n\n\n\n<p>El amarillento y resquebrajado ejemplar fue cedi\u00f3 al equipo del Museo por el Sr. Roberto Young y fue lanzado con motivo de la celebraci\u00f3n de los 50 a\u00f1os de la declaraci\u00f3n de San Pedro Ciudad.<br>\nEn \u00e9l se leen numerosos datos de los primeros a\u00f1os de nuestro partido y diversas columnas de inter\u00e9s hist\u00f3rico.<br>\nLa portada est\u00e1 dedicada a los Or\u00edgenes de San Pedro; una extensa rese\u00f1a de la historia m\u00e1s remota de la creaci\u00f3n de nuestro pueblo dese 1723 a 1910, que toma como fuentes a Fray Pac\u00edfico Otero, \u00c1ngel Capurro y el Cura Carlos Ruiz Santana, entre otros. <\/p>\n\n\n\n<p>Varias de sus p\u00e1ginas est\u00e1n ocupadas por fotograf\u00edas y s\u00edntesis institucionales del Club Mite, Club N\u00e1utico, Biblioteca Popular, Paran\u00e1 F. C., Club de Pelota y Hogar Gomendio, entre algunas m\u00e1s.<br>\nSe destacan, adem\u00e1s, algunas revisiones de las biograf\u00edas de ciertas personas importantes de la \u00e9poca como Gerardo Bozzano y Miguel Prelato, entre otros.<\/p>\n\n\n\n<p>Pero sin dudas, las columnas de mayor inter\u00e9s y datos hist\u00f3ricos son las que est\u00e1n dedicadas a temas como: el Convento franciscano, las primeras casas, asalto al pueblo por marinos espa\u00f1oles (1815), primera fonda (1820), el combate de Obligado (1845) o las epidemias de c\u00f3lera y viruela (1867).<\/p>\n\n\n\n<p>Varios espacios est\u00e1n dedicados a publicidades y saludos de firmas comerciales importantes para la \u00e9poca, tales como: Guillermo Padilla Ltda. (hoy, ARCOR), Pl\u00e1cido Mart\u00ednez Sobrado, Sastrer\u00eda Capdevielle, S\u00e1nchez Hnos. y C\u00eda (R\u00edo Tala), Viveros Rolfo y varias m\u00e1s.<\/p>\n\n\n\n<p>La contratapa del peri\u00f3dico est\u00e1 totalmente cedida a las fotos que destacan a las participantes del concurso de belleza del cincuentenario bajo el t\u00edtulo \u201cLa Reina del Cincuentenario y su Corte\u201d.<br>\nAll\u00ed se ve a la Reina, Juana Abat\u00e1ngelo (C. A. Independiente) y a las Princesas Emilce Contreras (Paran\u00e1 FC)y Gladys Galante (Club N\u00e1utico), adem\u00e1s de fotograf\u00edas de todas las participantes.<\/p>\n\n\n\n<p>En una de las numerosas pinceladas de historia que se pueden leer, hay un p\u00e1rrafo de un trabajo encargado por Urquiza en 1864, donde se observa que el partido de San Pedro contaba con unos 6.000 habitantes, de los cuales 4.000 viv\u00edan en la zona rural y s\u00f3lo 2.000 en la ciudad. Un dato que marca, a las claras, una vida econ\u00f3mica y social basada en las actividades del campo que se ha revertido totalmente en la actualidad.<\/p>\n\n\n\n<p>En su p\u00e1gina 15 se transcribe una comunicaci\u00f3n de Juan Manuel de Rosas al Gobernador del Obispado, Jos\u00e9 Mar\u00eda Terrero, del 25 de abril de 1830, donde el gobernador de Buenos Aires le informa que est\u00e1 \u201ctrabajando para mejorar nuestras iglesias y costumbres religiosas\u201d y le pide la destituci\u00f3n de los curas de San Pedro, Baradero y Fort\u00edn de Areco y que se env\u00eden otros que \u201cno sean inmorales\u201d. <br>\nTambi\u00e9n reproduce un documento que menciona personas que tuvieron esclavos en San Pedro, nombrando a Pedro Celestino Casco, Nieves Carabajal, Le\u00f3n Magallanes, Tiburcio Olmos, Ventura Zabaleta, Juan Ram\u00f3n Ruiz Moreno, Alejandro Mart\u00ednez y Felipe Navarro, entre otros vecinos que pose\u00edan esclavos que cumpl\u00edan con los quehaceres dom\u00e9sticos.<\/p>\n\n\n\n<p>En un an\u00e1lisis de la historia econ\u00f3mica de la ciudad, el peri\u00f3dico repasa diferentes emprendimientos y tendencias productivas por las que ha transitado la ciudad destacando, como un punto de inter\u00e9s promisorio y protagonista del futuro de la ciudad, la actividad del puerto local al que, en aquella \u00e9poca, se ve\u00eda como un polo que impulsar\u00eda la actividad agr\u00edcola de toda la zona de San Pedro, Baradero, Arrecifes, San Antonio de Areco, etc. y potenciar\u00eda el movimiento del comercio local. <\/p>\n\n\n\n<p>Todas las p\u00e1ginas digitalizadas del ejemplar pueden verse en <a href=\"http:\/\/www.gcfsanpedro.wordpress.com\">www.gcfsanpedro.wordpress.com<\/a><\/p>\n\n\n\n<figure class=\"wp-block-image\"><img decoding=\"async\" width=\"2040\" height=\"2974\" data-attachment-id=\"49525\" data-permalink=\"https:\/\/eldiariodesanpedro.com.ar\/sitio\/un-ejemplar-del-periodico-el-independiente-nos-remonta-a-los-origenes-de-san-pedro\/img_20190322_162415\/\" data-orig-file=\"https:\/\/eldiariodesanpedro.com.ar\/sitio\/wp-content\/uploads\/2019\/03\/IMG_20190322_162415.jpg\" data-orig-size=\"2040,2974\" data-comments-opened=\"1\" data-image-meta=\"{&quot;aperture&quot;:&quot;2&quot;,&quot;credit&quot;:&quot;&quot;,&quot;camera&quot;:&quot;LG-X230&quot;,&quot;caption&quot;:&quot;&quot;,&quot;created_timestamp&quot;:&quot;1553271856&quot;,&quot;copyright&quot;:&quot;&quot;,&quot;focal_length&quot;:&quot;3.5&quot;,&quot;iso&quot;:&quot;383&quot;,&quot;shutter_speed&quot;:&quot;0.059998&quot;,&quot;title&quot;:&quot;&quot;,&quot;orientation&quot;:&quot;1&quot;}\" data-image-title=\"IMG_20190322_162415\" data-image-description=\"\" data-image-caption=\"\" data-large-file=\"https:\/\/eldiariodesanpedro.com.ar\/sitio\/wp-content\/uploads\/2019\/03\/IMG_20190322_162415-702x1024.jpg\" data-src=\"https:\/\/i0.wp.com\/eldiariodesanpedro.com.ar\/sitio\/wp-content\/uploads\/2019\/03\/IMG_20190322_162415.jpg?fit=660%2C963\" alt=\"\" class=\"wp-image-49525 lazyload\" data-srcset=\"https:\/\/eldiariodesanpedro.com.ar\/sitio\/wp-content\/uploads\/2019\/03\/IMG_20190322_162415.jpg 2040w, https:\/\/eldiariodesanpedro.com.ar\/sitio\/wp-content\/uploads\/2019\/03\/IMG_20190322_162415-206x300.jpg 206w, https:\/\/eldiariodesanpedro.com.ar\/sitio\/wp-content\/uploads\/2019\/03\/IMG_20190322_162415-768x1120.jpg 768w, https:\/\/eldiariodesanpedro.com.ar\/sitio\/wp-content\/uploads\/2019\/03\/IMG_20190322_162415-702x1024.jpg 702w\" data-sizes=\"(max-width: 2040px) 100vw, 2040px\" src=\"data:image\/svg+xml;base64,PHN2ZyB3aWR0aD0iMSIgaGVpZ2h0PSIxIiB4bWxucz0iaHR0cDovL3d3dy53My5vcmcvMjAwMC9zdmciPjwvc3ZnPg==\" style=\"--smush-placeholder-width: 2040px; --smush-placeholder-aspect-ratio: 2040\/2974;\" \/><\/figure>\n\n\n\n<figure class=\"wp-block-image\"><img decoding=\"async\" width=\"2090\" height=\"3164\" data-attachment-id=\"49526\" data-permalink=\"https:\/\/eldiariodesanpedro.com.ar\/sitio\/un-ejemplar-del-periodico-el-independiente-nos-remonta-a-los-origenes-de-san-pedro\/img_20190317_203204_614\/\" data-orig-file=\"https:\/\/eldiariodesanpedro.com.ar\/sitio\/wp-content\/uploads\/2019\/03\/IMG_20190317_203204_614.jpg\" data-orig-size=\"2090,3164\" data-comments-opened=\"1\" data-image-meta=\"{&quot;aperture&quot;:&quot;2&quot;,&quot;credit&quot;:&quot;&quot;,&quot;camera&quot;:&quot;LG-X230&quot;,&quot;caption&quot;:&quot;&quot;,&quot;created_timestamp&quot;:&quot;1552844667&quot;,&quot;copyright&quot;:&quot;&quot;,&quot;focal_length&quot;:&quot;3.5&quot;,&quot;iso&quot;:&quot;232&quot;,&quot;shutter_speed&quot;:&quot;0.059998&quot;,&quot;title&quot;:&quot;&quot;,&quot;orientation&quot;:&quot;1&quot;}\" data-image-title=\"IMG_20190317_203204_614\" data-image-description=\"\" data-image-caption=\"\" data-large-file=\"https:\/\/eldiariodesanpedro.com.ar\/sitio\/wp-content\/uploads\/2019\/03\/IMG_20190317_203204_614-676x1024.jpg\" data-src=\"https:\/\/i2.wp.com\/eldiariodesanpedro.com.ar\/sitio\/wp-content\/uploads\/2019\/03\/IMG_20190317_203204_614.jpg?fit=660%2C1000\" alt=\"\" class=\"wp-image-49526 lazyload\" data-srcset=\"https:\/\/eldiariodesanpedro.com.ar\/sitio\/wp-content\/uploads\/2019\/03\/IMG_20190317_203204_614.jpg 2090w, https:\/\/eldiariodesanpedro.com.ar\/sitio\/wp-content\/uploads\/2019\/03\/IMG_20190317_203204_614-198x300.jpg 198w, https:\/\/eldiariodesanpedro.com.ar\/sitio\/wp-content\/uploads\/2019\/03\/IMG_20190317_203204_614-768x1163.jpg 768w, https:\/\/eldiariodesanpedro.com.ar\/sitio\/wp-content\/uploads\/2019\/03\/IMG_20190317_203204_614-676x1024.jpg 676w\" data-sizes=\"(max-width: 2090px) 100vw, 2090px\" src=\"data:image\/svg+xml;base64,PHN2ZyB3aWR0aD0iMSIgaGVpZ2h0PSIxIiB4bWxucz0iaHR0cDovL3d3dy53My5vcmcvMjAwMC9zdmciPjwvc3ZnPg==\" style=\"--smush-placeholder-width: 2090px; --smush-placeholder-aspect-ratio: 2090\/3164;\" \/><\/figure>\n\n\n\n<figure class=\"wp-block-image\"><img decoding=\"async\" width=\"2146\" height=\"3209\" data-attachment-id=\"49527\" data-permalink=\"https:\/\/eldiariodesanpedro.com.ar\/sitio\/un-ejemplar-del-periodico-el-independiente-nos-remonta-a-los-origenes-de-san-pedro\/img_20190317_202952_704\/\" data-orig-file=\"https:\/\/eldiariodesanpedro.com.ar\/sitio\/wp-content\/uploads\/2019\/03\/IMG_20190317_202952_704.jpg\" data-orig-size=\"2146,3209\" data-comments-opened=\"1\" data-image-meta=\"{&quot;aperture&quot;:&quot;2&quot;,&quot;credit&quot;:&quot;&quot;,&quot;camera&quot;:&quot;LG-X230&quot;,&quot;caption&quot;:&quot;&quot;,&quot;created_timestamp&quot;:&quot;1552844455&quot;,&quot;copyright&quot;:&quot;&quot;,&quot;focal_length&quot;:&quot;3.5&quot;,&quot;iso&quot;:&quot;290&quot;,&quot;shutter_speed&quot;:&quot;0.059998&quot;,&quot;title&quot;:&quot;&quot;,&quot;orientation&quot;:&quot;1&quot;}\" data-image-title=\"IMG_20190317_202952_704\" data-image-description=\"\" data-image-caption=\"\" data-large-file=\"https:\/\/eldiariodesanpedro.com.ar\/sitio\/wp-content\/uploads\/2019\/03\/IMG_20190317_202952_704-685x1024.jpg\" data-src=\"https:\/\/i0.wp.com\/eldiariodesanpedro.com.ar\/sitio\/wp-content\/uploads\/2019\/03\/IMG_20190317_202952_704.jpg?fit=660%2C987\" alt=\"\" class=\"wp-image-49527 lazyload\" data-srcset=\"https:\/\/eldiariodesanpedro.com.ar\/sitio\/wp-content\/uploads\/2019\/03\/IMG_20190317_202952_704.jpg 2146w, https:\/\/eldiariodesanpedro.com.ar\/sitio\/wp-content\/uploads\/2019\/03\/IMG_20190317_202952_704-201x300.jpg 201w, https:\/\/eldiariodesanpedro.com.ar\/sitio\/wp-content\/uploads\/2019\/03\/IMG_20190317_202952_704-768x1148.jpg 768w, https:\/\/eldiariodesanpedro.com.ar\/sitio\/wp-content\/uploads\/2019\/03\/IMG_20190317_202952_704-685x1024.jpg 685w\" data-sizes=\"(max-width: 2146px) 100vw, 2146px\" src=\"data:image\/svg+xml;base64,PHN2ZyB3aWR0aD0iMSIgaGVpZ2h0PSIxIiB4bWxucz0iaHR0cDovL3d3dy53My5vcmcvMjAwMC9zdmciPjwvc3ZnPg==\" style=\"--smush-placeholder-width: 2146px; --smush-placeholder-aspect-ratio: 2146\/3209;\" \/><\/figure>\n","protected":false},"excerpt":{"rendered":"<p>En los \u00faltimos d\u00edas, el Grupo Conservacionista recibi\u00f3 un ejemplar del peri\u00f3dico \u201cEl Independendiente\u201d de octubre de 1957, antigua publicaci\u00f3n sampedrina de la familia Mascetti. El amarillento y resquebrajado ejemplar fue cedi\u00f3 al equipo del Museo por el Sr. Roberto Young y fue lanzado con motivo de la celebraci\u00f3n de los 50 a\u00f1os de la [&hellip;]<\/p>\n","protected":false},"author":4,"featured_media":49528,"comment_status":"open","ping_status":"closed","sticky":false,"template":"","format":"standard","meta":{"om_disable_all_campaigns":false,"_jetpack_memberships_contains_paid_content":false,"footnotes":""},"categories":[101,2],"tags":[],"class_list":["post-49524","post","type-post","status-publish","format-standard","has-post-thumbnail","hentry","category-interes-general-locales","category-locales"],"aioseo_notices":[],"gutentor_comment":0,"jetpack_featured_media_url":"https:\/\/eldiariodesanpedro.com.ar\/sitio\/wp-content\/uploads\/2019\/03\/IMG_20190322_162415-1.jpg","jetpack_shortlink":"https:\/\/wp.me\/p6RhLt-cSM","jetpack_sharing_enabled":true,"_links":{"self":[{"href":"https:\/\/eldiariodesanpedro.com.ar\/sitio\/wp-json\/wp\/v2\/posts\/49524","targetHints":{"allow":["GET"]}}],"collection":[{"href":"https:\/\/eldiariodesanpedro.com.ar\/sitio\/wp-json\/wp\/v2\/posts"}],"about":[{"href":"https:\/\/eldiariodesanpedro.com.ar\/sitio\/wp-json\/wp\/v2\/types\/post"}],"author":[{"embeddable":true,"href":"https:\/\/eldiariodesanpedro.com.ar\/sitio\/wp-json\/wp\/v2\/users\/4"}],"replies":[{"embeddable":true,"href":"https:\/\/eldiariodesanpedro.com.ar\/sitio\/wp-json\/wp\/v2\/comments?post=49524"}],"version-history":[{"count":1,"href":"https:\/\/eldiariodesanpedro.com.ar\/sitio\/wp-json\/wp\/v2\/posts\/49524\/revisions"}],"predecessor-version":[{"id":49531,"href":"https:\/\/eldiariodesanpedro.com.ar\/sitio\/wp-json\/wp\/v2\/posts\/49524\/revisions\/49531"}],"wp:featuredmedia":[{"embeddable":true,"href":"https:\/\/eldiariodesanpedro.com.ar\/sitio\/wp-json\/wp\/v2\/media\/49528"}],"wp:attachment":[{"href":"https:\/\/eldiariodesanpedro.com.ar\/sitio\/wp-json\/wp\/v2\/media?parent=49524"}],"wp:term":[{"taxonomy":"category","embeddable":true,"href":"https:\/\/eldiariodesanpedro.com.ar\/sitio\/wp-json\/wp\/v2\/categories?post=49524"},{"taxonomy":"post_tag","embeddable":true,"href":"https:\/\/eldiariodesanpedro.com.ar\/sitio\/wp-json\/wp\/v2\/tags?post=49524"}],"curies":[{"name":"wp","href":"https:\/\/api.w.org\/{rel}","templated":true}]}}