{"id":49520,"date":"2019-03-25T10:26:54","date_gmt":"2019-03-25T13:26:54","guid":{"rendered":"https:\/\/eldiariodesanpedro.com.ar\/sitio\/?p=49520"},"modified":"2019-03-25T10:27:04","modified_gmt":"2019-03-25T13:27:04","slug":"vuelta-de-obligado-festejo-sus-122-anos","status":"publish","type":"post","link":"https:\/\/eldiariodesanpedro.com.ar\/sitio\/vuelta-de-obligado-festejo-sus-122-anos\/","title":{"rendered":"Vuelta de Obligado festejo sus 122 a\u00f1os"},"content":{"rendered":"<!-- VideographyWP Plugin Message: Automatic video embedding prevented by plugin options. -->\n\n<p>Con la participaci\u00f3n de artistas locales y con el tradicional desfile que realizaron los Centros Tradicionalistas.<\/p>\n\n\n\n<p>El evento re realizo en la plaza con un escenario central donde participaron con su shaw artistas sampedrinos como Sherman Rivas, Gabriel Castagnola (Cantor Costero), Joselito Fermani, Los de Salta, Ra\u00edces del Chamam\u00e9, Keko Gonz\u00e1lez y Corazones Cumbieros.  <\/p>\n\n\n\n<p>Anterior a la fiesta se realizo el desfile tradicional a caballo, al tiempo que las instituciones educativas acompa\u00f1aron, con sus abanderados.<\/p>\n\n\n\n<p> En el acto, se hizo menci\u00f3n y un reconocimiento a los integrantes de la mayor parte de las primeras familias que habitaron el lugar.<\/p>\n\n\n\n<ul class=\"wp-block-gallery columns-3 is-cropped wp-block-gallery-1 is-layout-flex wp-block-gallery-is-layout-flex\"><li class=\"blocks-gallery-item\"><figure><img decoding=\"async\" width=\"4160\" height=\"3120\" data-attachment-id=\"49521\" data-permalink=\"https:\/\/eldiariodesanpedro.com.ar\/sitio\/vuelta-de-obligado-festejo-sus-122-anos\/img_20190323_210421882\/\" data-orig-file=\"https:\/\/eldiariodesanpedro.com.ar\/sitio\/wp-content\/uploads\/2019\/03\/IMG_20190323_210421882.jpg\" data-orig-size=\"4160,3120\" data-comments-opened=\"1\" data-image-meta=\"{&quot;aperture&quot;:&quot;2.2&quot;,&quot;credit&quot;:&quot;&quot;,&quot;camera&quot;:&quot;motorola one&quot;,&quot;caption&quot;:&quot;&quot;,&quot;created_timestamp&quot;:&quot;1553375062&quot;,&quot;copyright&quot;:&quot;&quot;,&quot;focal_length&quot;:&quot;3.463&quot;,&quot;iso&quot;:&quot;2743&quot;,&quot;shutter_speed&quot;:&quot;0.066666666666667&quot;,&quot;title&quot;:&quot;&quot;,&quot;orientation&quot;:&quot;1&quot;}\" data-image-title=\"IMG_20190323_210421882\" data-image-description=\"\" data-image-caption=\"\" data-large-file=\"https:\/\/eldiariodesanpedro.com.ar\/sitio\/wp-content\/uploads\/2019\/03\/IMG_20190323_210421882-1024x768.jpg\" data-src=\"https:\/\/i0.wp.com\/eldiariodesanpedro.com.ar\/sitio\/wp-content\/uploads\/2019\/03\/IMG_20190323_210421882.jpg?fit=660%2C495\" alt=\"\" data-id=\"49521\" data-link=\"https:\/\/eldiariodesanpedro.com.ar\/sitio\/?attachment_id=49521\" class=\"wp-image-49521 lazyload\" data-srcset=\"https:\/\/eldiariodesanpedro.com.ar\/sitio\/wp-content\/uploads\/2019\/03\/IMG_20190323_210421882.jpg 4160w, https:\/\/eldiariodesanpedro.com.ar\/sitio\/wp-content\/uploads\/2019\/03\/IMG_20190323_210421882-300x225.jpg 300w, https:\/\/eldiariodesanpedro.com.ar\/sitio\/wp-content\/uploads\/2019\/03\/IMG_20190323_210421882-768x576.jpg 768w, https:\/\/eldiariodesanpedro.com.ar\/sitio\/wp-content\/uploads\/2019\/03\/IMG_20190323_210421882-1024x768.jpg 1024w\" data-sizes=\"(max-width: 4160px) 100vw, 4160px\" src=\"data:image\/svg+xml;base64,PHN2ZyB3aWR0aD0iMSIgaGVpZ2h0PSIxIiB4bWxucz0iaHR0cDovL3d3dy53My5vcmcvMjAwMC9zdmciPjwvc3ZnPg==\" style=\"--smush-placeholder-width: 4160px; --smush-placeholder-aspect-ratio: 4160\/3120;\" \/><\/figure><\/li><li class=\"blocks-gallery-item\"><figure><img decoding=\"async\" width=\"4160\" height=\"3120\" data-attachment-id=\"49522\" data-permalink=\"https:\/\/eldiariodesanpedro.com.ar\/sitio\/vuelta-de-obligado-festejo-sus-122-anos\/img_20190323_210427944\/\" data-orig-file=\"https:\/\/eldiariodesanpedro.com.ar\/sitio\/wp-content\/uploads\/2019\/03\/IMG_20190323_210427944.jpg\" data-orig-size=\"4160,3120\" data-comments-opened=\"1\" data-image-meta=\"{&quot;aperture&quot;:&quot;2.2&quot;,&quot;credit&quot;:&quot;&quot;,&quot;camera&quot;:&quot;motorola one&quot;,&quot;caption&quot;:&quot;&quot;,&quot;created_timestamp&quot;:&quot;1553375068&quot;,&quot;copyright&quot;:&quot;&quot;,&quot;focal_length&quot;:&quot;3.463&quot;,&quot;iso&quot;:&quot;1968&quot;,&quot;shutter_speed&quot;:&quot;0.066666666666667&quot;,&quot;title&quot;:&quot;&quot;,&quot;orientation&quot;:&quot;1&quot;}\" data-image-title=\"IMG_20190323_210427944\" data-image-description=\"\" data-image-caption=\"\" data-large-file=\"https:\/\/eldiariodesanpedro.com.ar\/sitio\/wp-content\/uploads\/2019\/03\/IMG_20190323_210427944-1024x768.jpg\" data-src=\"https:\/\/i0.wp.com\/eldiariodesanpedro.com.ar\/sitio\/wp-content\/uploads\/2019\/03\/IMG_20190323_210427944.jpg?fit=660%2C495\" alt=\"\" data-id=\"49522\" data-link=\"https:\/\/eldiariodesanpedro.com.ar\/sitio\/?attachment_id=49522\" class=\"wp-image-49522 lazyload\" data-srcset=\"https:\/\/eldiariodesanpedro.com.ar\/sitio\/wp-content\/uploads\/2019\/03\/IMG_20190323_210427944.jpg 4160w, https:\/\/eldiariodesanpedro.com.ar\/sitio\/wp-content\/uploads\/2019\/03\/IMG_20190323_210427944-300x225.jpg 300w, https:\/\/eldiariodesanpedro.com.ar\/sitio\/wp-content\/uploads\/2019\/03\/IMG_20190323_210427944-768x576.jpg 768w, https:\/\/eldiariodesanpedro.com.ar\/sitio\/wp-content\/uploads\/2019\/03\/IMG_20190323_210427944-1024x768.jpg 1024w\" data-sizes=\"(max-width: 4160px) 100vw, 4160px\" src=\"data:image\/svg+xml;base64,PHN2ZyB3aWR0aD0iMSIgaGVpZ2h0PSIxIiB4bWxucz0iaHR0cDovL3d3dy53My5vcmcvMjAwMC9zdmciPjwvc3ZnPg==\" style=\"--smush-placeholder-width: 4160px; --smush-placeholder-aspect-ratio: 4160\/3120;\" \/><\/figure><\/li><li class=\"blocks-gallery-item\"><figure><img decoding=\"async\" width=\"4160\" height=\"3120\" data-attachment-id=\"49523\" data-permalink=\"https:\/\/eldiariodesanpedro.com.ar\/sitio\/vuelta-de-obligado-festejo-sus-122-anos\/img_20190323_212509053\/\" data-orig-file=\"https:\/\/eldiariodesanpedro.com.ar\/sitio\/wp-content\/uploads\/2019\/03\/IMG_20190323_212509053.jpg\" data-orig-size=\"4160,3120\" data-comments-opened=\"1\" data-image-meta=\"{&quot;aperture&quot;:&quot;2.2&quot;,&quot;credit&quot;:&quot;&quot;,&quot;camera&quot;:&quot;motorola one&quot;,&quot;caption&quot;:&quot;&quot;,&quot;created_timestamp&quot;:&quot;1553376311&quot;,&quot;copyright&quot;:&quot;&quot;,&quot;focal_length&quot;:&quot;3.463&quot;,&quot;iso&quot;:&quot;3053&quot;,&quot;shutter_speed&quot;:&quot;0.083333333333333&quot;,&quot;title&quot;:&quot;&quot;,&quot;orientation&quot;:&quot;1&quot;}\" data-image-title=\"IMG_20190323_212509053\" data-image-description=\"\" data-image-caption=\"\" data-large-file=\"https:\/\/eldiariodesanpedro.com.ar\/sitio\/wp-content\/uploads\/2019\/03\/IMG_20190323_212509053-1024x768.jpg\" data-src=\"https:\/\/i2.wp.com\/eldiariodesanpedro.com.ar\/sitio\/wp-content\/uploads\/2019\/03\/IMG_20190323_212509053.jpg?fit=660%2C495\" alt=\"\" data-id=\"49523\" data-link=\"https:\/\/eldiariodesanpedro.com.ar\/sitio\/?attachment_id=49523\" class=\"wp-image-49523 lazyload\" data-srcset=\"https:\/\/eldiariodesanpedro.com.ar\/sitio\/wp-content\/uploads\/2019\/03\/IMG_20190323_212509053.jpg 4160w, https:\/\/eldiariodesanpedro.com.ar\/sitio\/wp-content\/uploads\/2019\/03\/IMG_20190323_212509053-300x225.jpg 300w, https:\/\/eldiariodesanpedro.com.ar\/sitio\/wp-content\/uploads\/2019\/03\/IMG_20190323_212509053-768x576.jpg 768w, https:\/\/eldiariodesanpedro.com.ar\/sitio\/wp-content\/uploads\/2019\/03\/IMG_20190323_212509053-1024x768.jpg 1024w\" data-sizes=\"(max-width: 4160px) 100vw, 4160px\" src=\"data:image\/svg+xml;base64,PHN2ZyB3aWR0aD0iMSIgaGVpZ2h0PSIxIiB4bWxucz0iaHR0cDovL3d3dy53My5vcmcvMjAwMC9zdmciPjwvc3ZnPg==\" style=\"--smush-placeholder-width: 4160px; --smush-placeholder-aspect-ratio: 4160\/3120;\" \/><\/figure><\/li><\/ul>\n\n\n\n<p> <\/p>\n\n\n\n<p><br><br><\/p>\n","protected":false},"excerpt":{"rendered":"<p>Con la participaci\u00f3n de artistas locales y con el tradicional desfile que realizaron los Centros Tradicionalistas. El evento re realizo en la plaza con un escenario central donde participaron con su shaw artistas sampedrinos como Sherman Rivas, Gabriel Castagnola (Cantor Costero), Joselito Fermani, Los de Salta, Ra\u00edces del Chamam\u00e9, Keko Gonz\u00e1lez y Corazones Cumbieros. Anterior [&hellip;]<\/p>\n","protected":false},"author":4,"featured_media":49529,"comment_status":"open","ping_status":"closed","sticky":false,"template":"","format":"standard","meta":{"om_disable_all_campaigns":false,"_jetpack_memberships_contains_paid_content":false,"footnotes":""},"categories":[101,2],"tags":[],"class_list":["post-49520","post","type-post","status-publish","format-standard","has-post-thumbnail","hentry","category-interes-general-locales","category-locales"],"aioseo_notices":[],"gutentor_comment":0,"jetpack_featured_media_url":"https:\/\/eldiariodesanpedro.com.ar\/sitio\/wp-content\/uploads\/2019\/03\/IMG_20190323_212509053-1.jpg","jetpack_shortlink":"https:\/\/wp.me\/p6RhLt-cSI","jetpack_sharing_enabled":true,"_links":{"self":[{"href":"https:\/\/eldiariodesanpedro.com.ar\/sitio\/wp-json\/wp\/v2\/posts\/49520","targetHints":{"allow":["GET"]}}],"collection":[{"href":"https:\/\/eldiariodesanpedro.com.ar\/sitio\/wp-json\/wp\/v2\/posts"}],"about":[{"href":"https:\/\/eldiariodesanpedro.com.ar\/sitio\/wp-json\/wp\/v2\/types\/post"}],"author":[{"embeddable":true,"href":"https:\/\/eldiariodesanpedro.com.ar\/sitio\/wp-json\/wp\/v2\/users\/4"}],"replies":[{"embeddable":true,"href":"https:\/\/eldiariodesanpedro.com.ar\/sitio\/wp-json\/wp\/v2\/comments?post=49520"}],"version-history":[{"count":1,"href":"https:\/\/eldiariodesanpedro.com.ar\/sitio\/wp-json\/wp\/v2\/posts\/49520\/revisions"}],"predecessor-version":[{"id":49530,"href":"https:\/\/eldiariodesanpedro.com.ar\/sitio\/wp-json\/wp\/v2\/posts\/49520\/revisions\/49530"}],"wp:featuredmedia":[{"embeddable":true,"href":"https:\/\/eldiariodesanpedro.com.ar\/sitio\/wp-json\/wp\/v2\/media\/49529"}],"wp:attachment":[{"href":"https:\/\/eldiariodesanpedro.com.ar\/sitio\/wp-json\/wp\/v2\/media?parent=49520"}],"wp:term":[{"taxonomy":"category","embeddable":true,"href":"https:\/\/eldiariodesanpedro.com.ar\/sitio\/wp-json\/wp\/v2\/categories?post=49520"},{"taxonomy":"post_tag","embeddable":true,"href":"https:\/\/eldiariodesanpedro.com.ar\/sitio\/wp-json\/wp\/v2\/tags?post=49520"}],"curies":[{"name":"wp","href":"https:\/\/api.w.org\/{rel}","templated":true}]}}