{"id":49517,"date":"2019-03-25T09:55:05","date_gmt":"2019-03-25T12:55:05","guid":{"rendered":"https:\/\/eldiariodesanpedro.com.ar\/sitio\/?p=49517"},"modified":"2019-03-25T09:55:14","modified_gmt":"2019-03-25T12:55:14","slug":"dia-de-la-memoria-actividades-radio-abierta-y-marcha-hubo-este-sabado","status":"publish","type":"post","link":"https:\/\/eldiariodesanpedro.com.ar\/sitio\/dia-de-la-memoria-actividades-radio-abierta-y-marcha-hubo-este-sabado\/","title":{"rendered":"D\u00eda de la Memoria: Actividades, Radio Abierta y Marcha hubo este sabado"},"content":{"rendered":"<!-- VideographyWP Plugin Message: Automatic video embedding prevented by plugin options. -->\n\n<p>Este sabado por la tarde en la Plaza Belgrano se realizaron las actividades a 43 a\u00f1os del Golpe C\u00edvico Militar. Hubo Radio Abierta que fue organizada por estudiantes de escuelas secundarias.<\/p>\n\n\n\n<p>A las 19 horas comenz\u00f3 la marcha, organizada por la Mesa por la Memoria, la Verdad y la Justicia,  desde la Plaza Belgrano hasta el Monumento a los Desaparecidos, en la Plazoleta Fray Cayetano Rodr\u00edguez. <\/p>\n\n\n\n<p>La convocatoria fue poca pero  se vivi\u00f3 con mucha emoci\u00f3n y miles de recuerdos de aquella \u00e9poca nefasta.<\/p>\n\n\n\n<p>\u00abA 43 a\u00f1os del golpe c\u00edvico militar del 24 de marzo 1976 que transform\u00f3 el sistema democr\u00e1tico e instal\u00f3 un modelo econ\u00f3mico-social ajeno a los intereses del pueblo, organizaciones de derechos humanos, sindicales y pol\u00edticas realizaron actividades con las consignas Por Memoria Verdad y Justica la lucha contin\u00faa, Son 30.000, No al ajuste, No a la represi\u00f3n, No a la Impunidad\u201d, manifestaron desde la organizaci\u00f3n.\u00a0 <\/p>\n\n\n\n<p>Las actividades comenzaron con una proyecci\u00f3n de la pel\u00edcula de las Madres de Plaza de Mayo en la Casa Cultural Canaletas. <\/p>\n\n\n\n<figure class=\"wp-block-embed-facebook wp-block-embed is-type-video is-provider-facebook\"><div class=\"wp-block-embed__wrapper\">\n<div class=\"fb-video\" data-allowfullscreen=\"true\" data-href=\"https:\/\/www.facebook.com\/silcajide\/videos\/2336748456382490\/?t=0\" style=\"background-color: #fff; display: inline-block;\"><\/div>\n<\/div><\/figure>\n\n\n\n<blockquote class=\"wp-block-quote is-layout-flow wp-block-quote-is-layout-flow\"><p>Como a los nazis le va a pasar,<br>ad\u00f3nde vayan los iremos a buscar.<br>No olvidamos.<br>No perdonamos.<br>No nos reconciliamos.<br>Memoria,Verdad y justicia. <\/p><\/blockquote>\n","protected":false},"excerpt":{"rendered":"<p>Este sabado por la tarde en la Plaza Belgrano se realizaron las actividades a 43 a\u00f1os del Golpe C\u00edvico Militar. Hubo Radio Abierta que fue organizada por estudiantes de escuelas secundarias. A las 19 horas comenz\u00f3 la marcha, organizada por la Mesa por la Memoria, la Verdad y la Justicia, desde la Plaza Belgrano hasta [&hellip;]<\/p>\n","protected":false},"author":4,"featured_media":49518,"comment_status":"open","ping_status":"closed","sticky":false,"template":"","format":"standard","meta":{"om_disable_all_campaigns":false,"_jetpack_memberships_contains_paid_content":false,"footnotes":""},"categories":[50,101,2],"tags":[],"class_list":["post-49517","post","type-post","status-publish","format-standard","has-post-thumbnail","hentry","category-destacadas","category-interes-general-locales","category-locales"],"aioseo_notices":[],"gutentor_comment":0,"jetpack_featured_media_url":"https:\/\/eldiariodesanpedro.com.ar\/sitio\/wp-content\/uploads\/2019\/03\/54523357_2336711499719519_4783320131415572480_n.jpg","jetpack_shortlink":"https:\/\/wp.me\/p6RhLt-cSF","jetpack_sharing_enabled":true,"_links":{"self":[{"href":"https:\/\/eldiariodesanpedro.com.ar\/sitio\/wp-json\/wp\/v2\/posts\/49517","targetHints":{"allow":["GET"]}}],"collection":[{"href":"https:\/\/eldiariodesanpedro.com.ar\/sitio\/wp-json\/wp\/v2\/posts"}],"about":[{"href":"https:\/\/eldiariodesanpedro.com.ar\/sitio\/wp-json\/wp\/v2\/types\/post"}],"author":[{"embeddable":true,"href":"https:\/\/eldiariodesanpedro.com.ar\/sitio\/wp-json\/wp\/v2\/users\/4"}],"replies":[{"embeddable":true,"href":"https:\/\/eldiariodesanpedro.com.ar\/sitio\/wp-json\/wp\/v2\/comments?post=49517"}],"version-history":[{"count":1,"href":"https:\/\/eldiariodesanpedro.com.ar\/sitio\/wp-json\/wp\/v2\/posts\/49517\/revisions"}],"predecessor-version":[{"id":49519,"href":"https:\/\/eldiariodesanpedro.com.ar\/sitio\/wp-json\/wp\/v2\/posts\/49517\/revisions\/49519"}],"wp:featuredmedia":[{"embeddable":true,"href":"https:\/\/eldiariodesanpedro.com.ar\/sitio\/wp-json\/wp\/v2\/media\/49518"}],"wp:attachment":[{"href":"https:\/\/eldiariodesanpedro.com.ar\/sitio\/wp-json\/wp\/v2\/media?parent=49517"}],"wp:term":[{"taxonomy":"category","embeddable":true,"href":"https:\/\/eldiariodesanpedro.com.ar\/sitio\/wp-json\/wp\/v2\/categories?post=49517"},{"taxonomy":"post_tag","embeddable":true,"href":"https:\/\/eldiariodesanpedro.com.ar\/sitio\/wp-json\/wp\/v2\/tags?post=49517"}],"curies":[{"name":"wp","href":"https:\/\/api.w.org\/{rel}","templated":true}]}}