{"id":49509,"date":"2019-03-25T09:31:04","date_gmt":"2019-03-25T12:31:04","guid":{"rendered":"https:\/\/eldiariodesanpedro.com.ar\/sitio\/?p=49509"},"modified":"2019-03-25T09:31:14","modified_gmt":"2019-03-25T12:31:14","slug":"ochocientas-entradas-vendidas-para-la-pena-a-beneficio-de-emerson-fue-un-exito","status":"publish","type":"post","link":"https:\/\/eldiariodesanpedro.com.ar\/sitio\/ochocientas-entradas-vendidas-para-la-pena-a-beneficio-de-emerson-fue-un-exito\/","title":{"rendered":"Ochocientas entradas vendidas para la pe\u00f1a a beneficio de Emerson, fue un \u00e9xito"},"content":{"rendered":"<!-- VideographyWP Plugin Message: Automatic video embedding prevented by plugin options. -->\n\n<p>Este sabado por la noche se realizo la pe\u00f1a para ayudar a Emerson G\u00f3mez y su familia a atravesar el proceso de recuperaci\u00f3n tras la operaci\u00f3n de la \u00faltima semana. El evento en las instalaciones del Club Sportivo Am\u00e9rica.  <\/p>\n\n\n\n<p>Cientos de personas participaron de la pe\u00f1a a beneficio, gran cantidad de artistas locales brindaron su show. <\/p>\n\n\n\n<p>Hoy Emerson se encuentra recuper\u00e1ndose luego de que en el Hospital Garrahan, le colocaran plaquetas en la cabeza que permitir\u00e1n mejorar su condici\u00f3n.\u00a0 <\/p>\n\n\n\n<p>Dialogamos con Gabriel Torres, m\u00fasico sampedrino quien estuvo a cargo y nos dec\u00eda que \u00abfue de gran bendici\u00f3n, estoy feliz, con este granito de arena Emerson podr\u00e1 transitar mejor su recuperaci\u00f3n, la recaudaci\u00f3n de la cantina fue enorme, se vendieron 800 entradas, hubo gente que quedo parada, pero cumplimos\u00bb.<\/p>\n\n\n\n<p>\u00abEmerson tiene que empezar a viajar mucho para su total recuperaci\u00f3n, aveces va a tener que quedarse una semana entera en Bs As, la recaudaci\u00f3n es para que pueda sustentar los gastos de estar all\u00e1, de ir y venir\u00bb.<\/p>\n\n\n\n<p>La grilla de los artistas locales que participaron fueron:<\/p>\n\n\n\n<p>Los casuales, Los del Camino, Jorge Cardozo, Gustavo P\u00e9rez de Ramallo, Daniel  Cabrera, Mauricio Rodr\u00edguez, La Exitosa , cuerpos de baile Apialando Recuerdos ,  Los de Salta  y una  cantante especial, Fernanda Bernal. Ademas participaron  Keko Gonz\u00e1lez y Martin Garcia.<\/p>\n\n\n\n<ul class=\"wp-block-gallery columns-3 is-cropped wp-block-gallery-1 is-layout-flex wp-block-gallery-is-layout-flex\"><li class=\"blocks-gallery-item\"><figure><img decoding=\"async\" width=\"4160\" height=\"3120\" data-attachment-id=\"49510\" data-permalink=\"https:\/\/eldiariodesanpedro.com.ar\/sitio\/ochocientas-entradas-vendidas-para-la-pena-a-beneficio-de-emerson-fue-un-exito\/img_20190323_233204350\/\" data-orig-file=\"https:\/\/eldiariodesanpedro.com.ar\/sitio\/wp-content\/uploads\/2019\/03\/IMG_20190323_233204350.jpg\" data-orig-size=\"4160,3120\" data-comments-opened=\"1\" data-image-meta=\"{&quot;aperture&quot;:&quot;2.2&quot;,&quot;credit&quot;:&quot;&quot;,&quot;camera&quot;:&quot;motorola one&quot;,&quot;caption&quot;:&quot;&quot;,&quot;created_timestamp&quot;:&quot;1553383926&quot;,&quot;copyright&quot;:&quot;&quot;,&quot;focal_length&quot;:&quot;3.463&quot;,&quot;iso&quot;:&quot;826&quot;,&quot;shutter_speed&quot;:&quot;0.058823529411765&quot;,&quot;title&quot;:&quot;&quot;,&quot;orientation&quot;:&quot;1&quot;}\" data-image-title=\"IMG_20190323_233204350\" data-image-description=\"\" data-image-caption=\"\" data-large-file=\"https:\/\/eldiariodesanpedro.com.ar\/sitio\/wp-content\/uploads\/2019\/03\/IMG_20190323_233204350-1024x768.jpg\" data-src=\"https:\/\/i2.wp.com\/eldiariodesanpedro.com.ar\/sitio\/wp-content\/uploads\/2019\/03\/IMG_20190323_233204350.jpg?fit=660%2C495\" alt=\"\" data-id=\"49510\" data-link=\"https:\/\/eldiariodesanpedro.com.ar\/sitio\/?attachment_id=49510\" class=\"wp-image-49510 lazyload\" data-srcset=\"https:\/\/eldiariodesanpedro.com.ar\/sitio\/wp-content\/uploads\/2019\/03\/IMG_20190323_233204350.jpg 4160w, https:\/\/eldiariodesanpedro.com.ar\/sitio\/wp-content\/uploads\/2019\/03\/IMG_20190323_233204350-300x225.jpg 300w, https:\/\/eldiariodesanpedro.com.ar\/sitio\/wp-content\/uploads\/2019\/03\/IMG_20190323_233204350-768x576.jpg 768w, https:\/\/eldiariodesanpedro.com.ar\/sitio\/wp-content\/uploads\/2019\/03\/IMG_20190323_233204350-1024x768.jpg 1024w\" data-sizes=\"(max-width: 4160px) 100vw, 4160px\" src=\"data:image\/svg+xml;base64,PHN2ZyB3aWR0aD0iMSIgaGVpZ2h0PSIxIiB4bWxucz0iaHR0cDovL3d3dy53My5vcmcvMjAwMC9zdmciPjwvc3ZnPg==\" style=\"--smush-placeholder-width: 4160px; --smush-placeholder-aspect-ratio: 4160\/3120;\" \/><\/figure><\/li><li class=\"blocks-gallery-item\"><figure><img decoding=\"async\" width=\"4160\" height=\"3120\" data-attachment-id=\"49511\" data-permalink=\"https:\/\/eldiariodesanpedro.com.ar\/sitio\/ochocientas-entradas-vendidas-para-la-pena-a-beneficio-de-emerson-fue-un-exito\/img_20190323_233358615\/\" data-orig-file=\"https:\/\/eldiariodesanpedro.com.ar\/sitio\/wp-content\/uploads\/2019\/03\/IMG_20190323_233358615.jpg\" data-orig-size=\"4160,3120\" data-comments-opened=\"1\" data-image-meta=\"{&quot;aperture&quot;:&quot;2.2&quot;,&quot;credit&quot;:&quot;&quot;,&quot;camera&quot;:&quot;motorola one&quot;,&quot;caption&quot;:&quot;&quot;,&quot;created_timestamp&quot;:&quot;1553384040&quot;,&quot;copyright&quot;:&quot;&quot;,&quot;focal_length&quot;:&quot;3.463&quot;,&quot;iso&quot;:&quot;779&quot;,&quot;shutter_speed&quot;:&quot;0.058823529411765&quot;,&quot;title&quot;:&quot;&quot;,&quot;orientation&quot;:&quot;1&quot;}\" data-image-title=\"IMG_20190323_233358615\" data-image-description=\"\" data-image-caption=\"\" data-large-file=\"https:\/\/eldiariodesanpedro.com.ar\/sitio\/wp-content\/uploads\/2019\/03\/IMG_20190323_233358615-1024x768.jpg\" data-src=\"https:\/\/i0.wp.com\/eldiariodesanpedro.com.ar\/sitio\/wp-content\/uploads\/2019\/03\/IMG_20190323_233358615.jpg?fit=660%2C495\" alt=\"\" data-id=\"49511\" data-link=\"https:\/\/eldiariodesanpedro.com.ar\/sitio\/?attachment_id=49511\" class=\"wp-image-49511 lazyload\" data-srcset=\"https:\/\/eldiariodesanpedro.com.ar\/sitio\/wp-content\/uploads\/2019\/03\/IMG_20190323_233358615.jpg 4160w, https:\/\/eldiariodesanpedro.com.ar\/sitio\/wp-content\/uploads\/2019\/03\/IMG_20190323_233358615-300x225.jpg 300w, https:\/\/eldiariodesanpedro.com.ar\/sitio\/wp-content\/uploads\/2019\/03\/IMG_20190323_233358615-768x576.jpg 768w, https:\/\/eldiariodesanpedro.com.ar\/sitio\/wp-content\/uploads\/2019\/03\/IMG_20190323_233358615-1024x768.jpg 1024w\" data-sizes=\"(max-width: 4160px) 100vw, 4160px\" src=\"data:image\/svg+xml;base64,PHN2ZyB3aWR0aD0iMSIgaGVpZ2h0PSIxIiB4bWxucz0iaHR0cDovL3d3dy53My5vcmcvMjAwMC9zdmciPjwvc3ZnPg==\" style=\"--smush-placeholder-width: 4160px; --smush-placeholder-aspect-ratio: 4160\/3120;\" \/><\/figure><\/li><li class=\"blocks-gallery-item\"><figure><img decoding=\"async\" width=\"4160\" height=\"3120\" data-attachment-id=\"49512\" data-permalink=\"https:\/\/eldiariodesanpedro.com.ar\/sitio\/ochocientas-entradas-vendidas-para-la-pena-a-beneficio-de-emerson-fue-un-exito\/img_20190323_233415909\/\" data-orig-file=\"https:\/\/eldiariodesanpedro.com.ar\/sitio\/wp-content\/uploads\/2019\/03\/IMG_20190323_233415909.jpg\" data-orig-size=\"4160,3120\" data-comments-opened=\"1\" data-image-meta=\"{&quot;aperture&quot;:&quot;2.2&quot;,&quot;credit&quot;:&quot;&quot;,&quot;camera&quot;:&quot;motorola one&quot;,&quot;caption&quot;:&quot;&quot;,&quot;created_timestamp&quot;:&quot;1553384057&quot;,&quot;copyright&quot;:&quot;&quot;,&quot;focal_length&quot;:&quot;3.463&quot;,&quot;iso&quot;:&quot;821&quot;,&quot;shutter_speed&quot;:&quot;0.071428571428571&quot;,&quot;title&quot;:&quot;&quot;,&quot;orientation&quot;:&quot;1&quot;}\" data-image-title=\"IMG_20190323_233415909\" data-image-description=\"\" data-image-caption=\"\" data-large-file=\"https:\/\/eldiariodesanpedro.com.ar\/sitio\/wp-content\/uploads\/2019\/03\/IMG_20190323_233415909-1024x768.jpg\" data-src=\"https:\/\/i1.wp.com\/eldiariodesanpedro.com.ar\/sitio\/wp-content\/uploads\/2019\/03\/IMG_20190323_233415909.jpg?fit=660%2C495\" alt=\"\" data-id=\"49512\" data-link=\"https:\/\/eldiariodesanpedro.com.ar\/sitio\/?attachment_id=49512\" class=\"wp-image-49512 lazyload\" data-srcset=\"https:\/\/eldiariodesanpedro.com.ar\/sitio\/wp-content\/uploads\/2019\/03\/IMG_20190323_233415909.jpg 4160w, https:\/\/eldiariodesanpedro.com.ar\/sitio\/wp-content\/uploads\/2019\/03\/IMG_20190323_233415909-300x225.jpg 300w, https:\/\/eldiariodesanpedro.com.ar\/sitio\/wp-content\/uploads\/2019\/03\/IMG_20190323_233415909-768x576.jpg 768w, https:\/\/eldiariodesanpedro.com.ar\/sitio\/wp-content\/uploads\/2019\/03\/IMG_20190323_233415909-1024x768.jpg 1024w\" data-sizes=\"(max-width: 4160px) 100vw, 4160px\" src=\"data:image\/svg+xml;base64,PHN2ZyB3aWR0aD0iMSIgaGVpZ2h0PSIxIiB4bWxucz0iaHR0cDovL3d3dy53My5vcmcvMjAwMC9zdmciPjwvc3ZnPg==\" style=\"--smush-placeholder-width: 4160px; --smush-placeholder-aspect-ratio: 4160\/3120;\" \/><\/figure><\/li><li class=\"blocks-gallery-item\"><figure><img decoding=\"async\" width=\"4160\" height=\"3120\" data-attachment-id=\"49513\" data-permalink=\"https:\/\/eldiariodesanpedro.com.ar\/sitio\/ochocientas-entradas-vendidas-para-la-pena-a-beneficio-de-emerson-fue-un-exito\/img_20190323_233709028\/\" data-orig-file=\"https:\/\/eldiariodesanpedro.com.ar\/sitio\/wp-content\/uploads\/2019\/03\/IMG_20190323_233709028.jpg\" data-orig-size=\"4160,3120\" data-comments-opened=\"1\" data-image-meta=\"{&quot;aperture&quot;:&quot;2.2&quot;,&quot;credit&quot;:&quot;&quot;,&quot;camera&quot;:&quot;motorola one&quot;,&quot;caption&quot;:&quot;&quot;,&quot;created_timestamp&quot;:&quot;1553384231&quot;,&quot;copyright&quot;:&quot;&quot;,&quot;focal_length&quot;:&quot;3.463&quot;,&quot;iso&quot;:&quot;1138&quot;,&quot;shutter_speed&quot;:&quot;0.071428571428571&quot;,&quot;title&quot;:&quot;&quot;,&quot;orientation&quot;:&quot;1&quot;}\" data-image-title=\"IMG_20190323_233709028\" data-image-description=\"\" data-image-caption=\"\" data-large-file=\"https:\/\/eldiariodesanpedro.com.ar\/sitio\/wp-content\/uploads\/2019\/03\/IMG_20190323_233709028-1024x768.jpg\" data-src=\"https:\/\/i2.wp.com\/eldiariodesanpedro.com.ar\/sitio\/wp-content\/uploads\/2019\/03\/IMG_20190323_233709028.jpg?fit=660%2C495\" alt=\"\" data-id=\"49513\" data-link=\"https:\/\/eldiariodesanpedro.com.ar\/sitio\/?attachment_id=49513\" class=\"wp-image-49513 lazyload\" data-srcset=\"https:\/\/eldiariodesanpedro.com.ar\/sitio\/wp-content\/uploads\/2019\/03\/IMG_20190323_233709028.jpg 4160w, https:\/\/eldiariodesanpedro.com.ar\/sitio\/wp-content\/uploads\/2019\/03\/IMG_20190323_233709028-300x225.jpg 300w, https:\/\/eldiariodesanpedro.com.ar\/sitio\/wp-content\/uploads\/2019\/03\/IMG_20190323_233709028-768x576.jpg 768w, https:\/\/eldiariodesanpedro.com.ar\/sitio\/wp-content\/uploads\/2019\/03\/IMG_20190323_233709028-1024x768.jpg 1024w\" data-sizes=\"(max-width: 4160px) 100vw, 4160px\" src=\"data:image\/svg+xml;base64,PHN2ZyB3aWR0aD0iMSIgaGVpZ2h0PSIxIiB4bWxucz0iaHR0cDovL3d3dy53My5vcmcvMjAwMC9zdmciPjwvc3ZnPg==\" style=\"--smush-placeholder-width: 4160px; --smush-placeholder-aspect-ratio: 4160\/3120;\" \/><\/figure><\/li><li class=\"blocks-gallery-item\"><figure><img decoding=\"async\" width=\"4160\" height=\"2340\" data-attachment-id=\"49514\" data-permalink=\"https:\/\/eldiariodesanpedro.com.ar\/sitio\/ochocientas-entradas-vendidas-para-la-pena-a-beneficio-de-emerson-fue-un-exito\/img_20190324_000656844\/\" data-orig-file=\"https:\/\/eldiariodesanpedro.com.ar\/sitio\/wp-content\/uploads\/2019\/03\/IMG_20190324_000656844.jpg\" data-orig-size=\"4160,2340\" data-comments-opened=\"1\" data-image-meta=\"{&quot;aperture&quot;:&quot;2.2&quot;,&quot;credit&quot;:&quot;&quot;,&quot;camera&quot;:&quot;motorola one&quot;,&quot;caption&quot;:&quot;&quot;,&quot;created_timestamp&quot;:&quot;1553386017&quot;,&quot;copyright&quot;:&quot;&quot;,&quot;focal_length&quot;:&quot;3.463&quot;,&quot;iso&quot;:&quot;1922&quot;,&quot;shutter_speed&quot;:&quot;0.03030303030303&quot;,&quot;title&quot;:&quot;&quot;,&quot;orientation&quot;:&quot;1&quot;}\" data-image-title=\"IMG_20190324_000656844\" data-image-description=\"\" data-image-caption=\"\" data-large-file=\"https:\/\/eldiariodesanpedro.com.ar\/sitio\/wp-content\/uploads\/2019\/03\/IMG_20190324_000656844-1024x576.jpg\" data-src=\"https:\/\/i2.wp.com\/eldiariodesanpedro.com.ar\/sitio\/wp-content\/uploads\/2019\/03\/IMG_20190324_000656844.jpg?fit=660%2C371\" alt=\"\" data-id=\"49514\" data-link=\"https:\/\/eldiariodesanpedro.com.ar\/sitio\/?attachment_id=49514\" class=\"wp-image-49514 lazyload\" data-srcset=\"https:\/\/eldiariodesanpedro.com.ar\/sitio\/wp-content\/uploads\/2019\/03\/IMG_20190324_000656844.jpg 4160w, https:\/\/eldiariodesanpedro.com.ar\/sitio\/wp-content\/uploads\/2019\/03\/IMG_20190324_000656844-300x169.jpg 300w, https:\/\/eldiariodesanpedro.com.ar\/sitio\/wp-content\/uploads\/2019\/03\/IMG_20190324_000656844-768x432.jpg 768w, https:\/\/eldiariodesanpedro.com.ar\/sitio\/wp-content\/uploads\/2019\/03\/IMG_20190324_000656844-1024x576.jpg 1024w\" data-sizes=\"(max-width: 4160px) 100vw, 4160px\" src=\"data:image\/svg+xml;base64,PHN2ZyB3aWR0aD0iMSIgaGVpZ2h0PSIxIiB4bWxucz0iaHR0cDovL3d3dy53My5vcmcvMjAwMC9zdmciPjwvc3ZnPg==\" style=\"--smush-placeholder-width: 4160px; --smush-placeholder-aspect-ratio: 4160\/2340;\" \/><\/figure><\/li><\/ul>\n","protected":false},"excerpt":{"rendered":"<p>Este sabado por la noche se realizo la pe\u00f1a para ayudar a Emerson G\u00f3mez y su familia a atravesar el proceso de recuperaci\u00f3n tras la operaci\u00f3n de la \u00faltima semana. El evento en las instalaciones del Club Sportivo Am\u00e9rica. Cientos de personas participaron de la pe\u00f1a a beneficio, gran cantidad de artistas locales brindaron su [&hellip;]<\/p>\n","protected":false},"author":4,"featured_media":49510,"comment_status":"open","ping_status":"closed","sticky":false,"template":"","format":"standard","meta":{"om_disable_all_campaigns":false,"_jetpack_memberships_contains_paid_content":false,"footnotes":""},"categories":[50,101,2],"tags":[],"class_list":["post-49509","post","type-post","status-publish","format-standard","has-post-thumbnail","hentry","category-destacadas","category-interes-general-locales","category-locales"],"aioseo_notices":[],"gutentor_comment":0,"jetpack_featured_media_url":"https:\/\/eldiariodesanpedro.com.ar\/sitio\/wp-content\/uploads\/2019\/03\/IMG_20190323_233204350.jpg","jetpack_shortlink":"https:\/\/wp.me\/p6RhLt-cSx","jetpack_sharing_enabled":true,"_links":{"self":[{"href":"https:\/\/eldiariodesanpedro.com.ar\/sitio\/wp-json\/wp\/v2\/posts\/49509","targetHints":{"allow":["GET"]}}],"collection":[{"href":"https:\/\/eldiariodesanpedro.com.ar\/sitio\/wp-json\/wp\/v2\/posts"}],"about":[{"href":"https:\/\/eldiariodesanpedro.com.ar\/sitio\/wp-json\/wp\/v2\/types\/post"}],"author":[{"embeddable":true,"href":"https:\/\/eldiariodesanpedro.com.ar\/sitio\/wp-json\/wp\/v2\/users\/4"}],"replies":[{"embeddable":true,"href":"https:\/\/eldiariodesanpedro.com.ar\/sitio\/wp-json\/wp\/v2\/comments?post=49509"}],"version-history":[{"count":1,"href":"https:\/\/eldiariodesanpedro.com.ar\/sitio\/wp-json\/wp\/v2\/posts\/49509\/revisions"}],"predecessor-version":[{"id":49515,"href":"https:\/\/eldiariodesanpedro.com.ar\/sitio\/wp-json\/wp\/v2\/posts\/49509\/revisions\/49515"}],"wp:featuredmedia":[{"embeddable":true,"href":"https:\/\/eldiariodesanpedro.com.ar\/sitio\/wp-json\/wp\/v2\/media\/49510"}],"wp:attachment":[{"href":"https:\/\/eldiariodesanpedro.com.ar\/sitio\/wp-json\/wp\/v2\/media?parent=49509"}],"wp:term":[{"taxonomy":"category","embeddable":true,"href":"https:\/\/eldiariodesanpedro.com.ar\/sitio\/wp-json\/wp\/v2\/categories?post=49509"},{"taxonomy":"post_tag","embeddable":true,"href":"https:\/\/eldiariodesanpedro.com.ar\/sitio\/wp-json\/wp\/v2\/tags?post=49509"}],"curies":[{"name":"wp","href":"https:\/\/api.w.org\/{rel}","templated":true}]}}