{"id":49496,"date":"2019-03-24T20:09:31","date_gmt":"2019-03-24T23:09:31","guid":{"rendered":"https:\/\/eldiariodesanpedro.com.ar\/sitio\/?p=49496"},"modified":"2019-03-24T20:09:44","modified_gmt":"2019-03-24T23:09:44","slug":"asaltaron-y-robaron-a-un-grupo-de-mujeres-que-participaban-de-una-despedida-de-solteras","status":"publish","type":"post","link":"https:\/\/eldiariodesanpedro.com.ar\/sitio\/asaltaron-y-robaron-a-un-grupo-de-mujeres-que-participaban-de-una-despedida-de-solteras\/","title":{"rendered":"Asaltaron y robaron a un grupo de mujeres que participaban de una despedida de solteras"},"content":{"rendered":"<!-- VideographyWP Plugin Message: Automatic video embedding prevented by plugin options. -->\n\n<p>Sucedi\u00f3 en horas de la noche en el Club de Campo Azhares. Las concurrentes fueron sorprendidas y reducidas por un grupo de delincuentes.\u00a0\u00a0<\/p>\n\n\n\n<p>Un grupo de mujeres que participaba de una despedida de solteras atraves\u00f3 una dif\u00edcil situaci\u00f3n cuando un grupo de delincuentes las sorprendi\u00f3 en medio de la celebraci\u00f3n.<\/p>\n\n\n\n<p>El hecho se produjo en la noche del s\u00e1bado en el Club de campo Azhares, ubicado en el sector denominado como callej\u00f3n de Pascual y las v\u00edas del ferrocarril.&nbsp;<\/p>\n\n\n\n<figure><iframe width=\"823\" height=\"200\" allowfullscreen=\"true\"><\/iframe><\/figure>\n\n\n\n<p>Las concurrentes se encontraban disfrutando de la despedida cuando en un determinado momento irrumpieron en el lugar los delincuentes que las redujeron y despojaron de distintas pertenencias como dinero, celulares y otros elementos de valor.&nbsp;<\/p>\n\n\n\n<p>Una vez concretado el hecho los sujetos se dieron a la fuga con destino desconocido.&nbsp;<\/p>\n\n\n\n<p>Investiga el hecho la Fiscal\u00eda 11 de la Dra. Viviana&nbsp;Ramos.&nbsp;<\/p>\n","protected":false},"excerpt":{"rendered":"<p>Sucedi\u00f3 en horas de la noche en el Club de Campo Azhares. Las concurrentes fueron sorprendidas y reducidas por un grupo de delincuentes.\u00a0\u00a0 Un grupo de mujeres que participaba de una despedida de solteras atraves\u00f3 una dif\u00edcil situaci\u00f3n cuando un grupo de delincuentes las sorprendi\u00f3 en medio de la celebraci\u00f3n. El hecho se produjo en [&hellip;]<\/p>\n","protected":false},"author":4,"featured_media":49497,"comment_status":"open","ping_status":"closed","sticky":false,"template":"","format":"standard","meta":{"om_disable_all_campaigns":false,"_jetpack_memberships_contains_paid_content":false,"footnotes":""},"categories":[2,103],"tags":[],"class_list":["post-49496","post","type-post","status-publish","format-standard","has-post-thumbnail","hentry","category-locales","category-policiales-locales"],"aioseo_notices":[],"gutentor_comment":0,"jetpack_featured_media_url":"https:\/\/eldiariodesanpedro.com.ar\/sitio\/wp-content\/uploads\/2019\/03\/000076233.jpg","jetpack_shortlink":"https:\/\/wp.me\/p6RhLt-cSk","jetpack_sharing_enabled":true,"_links":{"self":[{"href":"https:\/\/eldiariodesanpedro.com.ar\/sitio\/wp-json\/wp\/v2\/posts\/49496","targetHints":{"allow":["GET"]}}],"collection":[{"href":"https:\/\/eldiariodesanpedro.com.ar\/sitio\/wp-json\/wp\/v2\/posts"}],"about":[{"href":"https:\/\/eldiariodesanpedro.com.ar\/sitio\/wp-json\/wp\/v2\/types\/post"}],"author":[{"embeddable":true,"href":"https:\/\/eldiariodesanpedro.com.ar\/sitio\/wp-json\/wp\/v2\/users\/4"}],"replies":[{"embeddable":true,"href":"https:\/\/eldiariodesanpedro.com.ar\/sitio\/wp-json\/wp\/v2\/comments?post=49496"}],"version-history":[{"count":1,"href":"https:\/\/eldiariodesanpedro.com.ar\/sitio\/wp-json\/wp\/v2\/posts\/49496\/revisions"}],"predecessor-version":[{"id":49498,"href":"https:\/\/eldiariodesanpedro.com.ar\/sitio\/wp-json\/wp\/v2\/posts\/49496\/revisions\/49498"}],"wp:featuredmedia":[{"embeddable":true,"href":"https:\/\/eldiariodesanpedro.com.ar\/sitio\/wp-json\/wp\/v2\/media\/49497"}],"wp:attachment":[{"href":"https:\/\/eldiariodesanpedro.com.ar\/sitio\/wp-json\/wp\/v2\/media?parent=49496"}],"wp:term":[{"taxonomy":"category","embeddable":true,"href":"https:\/\/eldiariodesanpedro.com.ar\/sitio\/wp-json\/wp\/v2\/categories?post=49496"},{"taxonomy":"post_tag","embeddable":true,"href":"https:\/\/eldiariodesanpedro.com.ar\/sitio\/wp-json\/wp\/v2\/tags?post=49496"}],"curies":[{"name":"wp","href":"https:\/\/api.w.org\/{rel}","templated":true}]}}