{"id":49491,"date":"2019-03-24T19:36:21","date_gmt":"2019-03-24T22:36:21","guid":{"rendered":"https:\/\/eldiariodesanpedro.com.ar\/sitio\/?p=49491"},"modified":"2019-03-24T19:36:33","modified_gmt":"2019-03-24T22:36:33","slug":"ingresaron-por-el-techo-y-robaron-en-la-fiscalia","status":"publish","type":"post","link":"https:\/\/eldiariodesanpedro.com.ar\/sitio\/ingresaron-por-el-techo-y-robaron-en-la-fiscalia\/","title":{"rendered":"Ingresaron por el techo y robaron en la fiscal\u00eda"},"content":{"rendered":"<!-- VideographyWP Plugin Message: Automatic video embedding prevented by plugin options. -->\n\n<p>Desconocidos ingresaron a la dependencia judicial y adem\u00e1s de robar provocaron todo tipo de desmanes. Por ahora no hay demasiados datos como para dar con los autores. <\/p>\n\n\n\n<p> Un hecho sin precedentes se produjo el s\u00e1bado, estiman, entre la ma\u00f1ana y la tarde. Uno o m\u00e1s desconocidos ingresaron a la sede de la fiscal\u00eda y se llevaron diversos elementos como as\u00ed tambi\u00e9n provocaron todo tipo de desorden tanto en las oficinas de la Ufi 5 como la 11. <\/p>\n\n\n\n<p> En principio se supo que los delincuentes accedieron por el techo luego de violentar una chapa, ya en el interior de la dependencia revolvieron todo, desparramaron la droga secuestrada y se llevaron algunas armas de fuego que se encontraban secuestradas en el lugar. <\/p>\n\n\n\n<p> Lo curioso del caso es que a pesar de la funci\u00f3n que cumple la fiscal\u00eda ante la sociedad el lugar no cuenta con ninguna medida de seguridad, no tiene alarma, menos que menos c\u00e1maras de seguridad ni tampoco tiene asignada una custodia policial. En cierta medida eso facilit\u00f3 aun m\u00e1s el accionar de los malvivientes que ingresaron. <\/p>\n\n\n\n<p> Por ahora hay muy pocos datos como para poder dar con los autores del hecho, Polic\u00eda Cient\u00edfica trabaj\u00f3 en el lugar y se recorrieron las cuadras de los alrededores como para detectar alguna c\u00e1mara de seguridad que aporte mayor claridad sobre la causa.La investigaci\u00f3n qued\u00f3 a cargo de la Dra. Viviana Ramos.   <\/p>\n\n\n\n<p> Fuente: San Pedro Informa<\/p>\n\n\n\n<figure class=\"wp-block-image\"><img decoding=\"async\" width=\"1024\" height=\"768\" data-attachment-id=\"49493\" data-permalink=\"https:\/\/eldiariodesanpedro.com.ar\/sitio\/ingresaron-por-el-techo-y-robaron-en-la-fiscalia\/pagina-5-184\/\" data-orig-file=\"https:\/\/eldiariodesanpedro.com.ar\/sitio\/wp-content\/uploads\/2019\/03\/PAGINA-5.jpg\" data-orig-size=\"1024,768\" data-comments-opened=\"1\" data-image-meta=\"{&quot;aperture&quot;:&quot;0&quot;,&quot;credit&quot;:&quot;&quot;,&quot;camera&quot;:&quot;&quot;,&quot;caption&quot;:&quot;&quot;,&quot;created_timestamp&quot;:&quot;0&quot;,&quot;copyright&quot;:&quot;&quot;,&quot;focal_length&quot;:&quot;0&quot;,&quot;iso&quot;:&quot;0&quot;,&quot;shutter_speed&quot;:&quot;0&quot;,&quot;title&quot;:&quot;&quot;,&quot;orientation&quot;:&quot;0&quot;}\" data-image-title=\"PAGINA 5\" data-image-description=\"\" data-image-caption=\"\" data-large-file=\"https:\/\/eldiariodesanpedro.com.ar\/sitio\/wp-content\/uploads\/2019\/03\/PAGINA-5-1024x768.jpg\" data-src=\"https:\/\/eldiariodesanpedro.com.ar\/sitio\/wp-content\/uploads\/2019\/03\/PAGINA-5-1024x768.jpg\" alt=\"\" class=\"wp-image-49493 lazyload\" data-srcset=\"https:\/\/eldiariodesanpedro.com.ar\/sitio\/wp-content\/uploads\/2019\/03\/PAGINA-5.jpg 1024w, https:\/\/eldiariodesanpedro.com.ar\/sitio\/wp-content\/uploads\/2019\/03\/PAGINA-5-300x225.jpg 300w, https:\/\/eldiariodesanpedro.com.ar\/sitio\/wp-content\/uploads\/2019\/03\/PAGINA-5-768x576.jpg 768w\" data-sizes=\"(max-width: 1024px) 100vw, 1024px\" src=\"data:image\/svg+xml;base64,PHN2ZyB3aWR0aD0iMSIgaGVpZ2h0PSIxIiB4bWxucz0iaHR0cDovL3d3dy53My5vcmcvMjAwMC9zdmciPjwvc3ZnPg==\" style=\"--smush-placeholder-width: 1024px; --smush-placeholder-aspect-ratio: 1024\/768;\" \/><\/figure>\n","protected":false},"excerpt":{"rendered":"<p>Desconocidos ingresaron a la dependencia judicial y adem\u00e1s de robar provocaron todo tipo de desmanes. Por ahora no hay demasiados datos como para dar con los autores. Un hecho sin precedentes se produjo el s\u00e1bado, estiman, entre la ma\u00f1ana y la tarde. Uno o m\u00e1s desconocidos ingresaron a la sede de la fiscal\u00eda y se [&hellip;]<\/p>\n","protected":false},"author":4,"featured_media":49492,"comment_status":"open","ping_status":"closed","sticky":false,"template":"","format":"standard","meta":{"om_disable_all_campaigns":false,"_jetpack_memberships_contains_paid_content":false,"footnotes":""},"categories":[50,2,103],"tags":[],"class_list":["post-49491","post","type-post","status-publish","format-standard","has-post-thumbnail","hentry","category-destacadas","category-locales","category-policiales-locales"],"aioseo_notices":[],"gutentor_comment":0,"jetpack_featured_media_url":"https:\/\/eldiariodesanpedro.com.ar\/sitio\/wp-content\/uploads\/2019\/03\/TAPA-1.jpg","jetpack_shortlink":"https:\/\/wp.me\/p6RhLt-cSf","jetpack_sharing_enabled":true,"_links":{"self":[{"href":"https:\/\/eldiariodesanpedro.com.ar\/sitio\/wp-json\/wp\/v2\/posts\/49491","targetHints":{"allow":["GET"]}}],"collection":[{"href":"https:\/\/eldiariodesanpedro.com.ar\/sitio\/wp-json\/wp\/v2\/posts"}],"about":[{"href":"https:\/\/eldiariodesanpedro.com.ar\/sitio\/wp-json\/wp\/v2\/types\/post"}],"author":[{"embeddable":true,"href":"https:\/\/eldiariodesanpedro.com.ar\/sitio\/wp-json\/wp\/v2\/users\/4"}],"replies":[{"embeddable":true,"href":"https:\/\/eldiariodesanpedro.com.ar\/sitio\/wp-json\/wp\/v2\/comments?post=49491"}],"version-history":[{"count":1,"href":"https:\/\/eldiariodesanpedro.com.ar\/sitio\/wp-json\/wp\/v2\/posts\/49491\/revisions"}],"predecessor-version":[{"id":49494,"href":"https:\/\/eldiariodesanpedro.com.ar\/sitio\/wp-json\/wp\/v2\/posts\/49491\/revisions\/49494"}],"wp:featuredmedia":[{"embeddable":true,"href":"https:\/\/eldiariodesanpedro.com.ar\/sitio\/wp-json\/wp\/v2\/media\/49492"}],"wp:attachment":[{"href":"https:\/\/eldiariodesanpedro.com.ar\/sitio\/wp-json\/wp\/v2\/media?parent=49491"}],"wp:term":[{"taxonomy":"category","embeddable":true,"href":"https:\/\/eldiariodesanpedro.com.ar\/sitio\/wp-json\/wp\/v2\/categories?post=49491"},{"taxonomy":"post_tag","embeddable":true,"href":"https:\/\/eldiariodesanpedro.com.ar\/sitio\/wp-json\/wp\/v2\/tags?post=49491"}],"curies":[{"name":"wp","href":"https:\/\/api.w.org\/{rel}","templated":true}]}}