{"id":49482,"date":"2019-03-24T18:42:59","date_gmt":"2019-03-24T21:42:59","guid":{"rendered":"https:\/\/eldiariodesanpedro.com.ar\/sitio\/?p=49482"},"modified":"2019-03-24T18:43:11","modified_gmt":"2019-03-24T21:43:11","slug":"el-centro-de-comercio-pide-al-banco-central-por-las-comisiones-bancarias-a-depositos-en-efectivo","status":"publish","type":"post","link":"https:\/\/eldiariodesanpedro.com.ar\/sitio\/el-centro-de-comercio-pide-al-banco-central-por-las-comisiones-bancarias-a-depositos-en-efectivo\/","title":{"rendered":"El Centro de Comercio pide al Banco Central por las comisiones bancarias a dep\u00f3sitos en efectivo"},"content":{"rendered":"<!-- VideographyWP Plugin Message: Automatic video embedding prevented by plugin options. -->\n\n<p>El Centro de Comercio e Industria de San Pedro remiti\u00f3 con fecha 19 de marzo una nota dirigida al presidente del Banco Central de la Rep\u00fablica Argentina, Licenciado Guido Sanleris, expresando en sinton\u00eda con otras entidades provinciales y nacionales, el rechazo al cobro de comisiones a las empresas por parte de las entidades bancarias, cuando \u00e9stas realizan dep\u00f3sitos en efectivo.<br><\/p>\n\n\n\n<p>En la nota se expresa textualmente \u00abla fuerte disconformidad con el cobro de comisiones a las empresas por parte de las entidades bancarias cuando se realizan dep\u00f3sitos en efectivo, dado que casi el total de los bancos ha comenzado a percibir comisiones arbitrarias y abusivas que, en muchos casos, superan el 1% sin justificarse el servicio adicional por el cual se cobra este porcentaje, generando un doble cargo, teniendo en consideraci\u00f3n que los clientes ya abonan el mantenimiento de sus cuentas, el cual sufre permanentemente actualizaciones que lo incrementan\u00bb.<br><\/p>\n\n\n\n<p>El Centro de Comercio apunta adem\u00e1s que apoya el pedido de la Confederaci\u00f3n Argentina de la Mediana Empresa, entendiendo que el Banco Central de la Rep\u00fablica Argentina dispone de facultades para regular estas comisiones.<br><\/p>\n\n\n\n<p>La nota concluye: \u00abSolicitamos que con urgencia que se d\u00e9 cauce al requerimiento de intervenci\u00f3n por parte de la entidad que usted preside\u00bb.<\/p>\n","protected":false},"excerpt":{"rendered":"<p>El Centro de Comercio e Industria de San Pedro remiti\u00f3 con fecha 19 de marzo una nota dirigida al presidente del Banco Central de la Rep\u00fablica Argentina, Licenciado Guido Sanleris, expresando en sinton\u00eda con otras entidades provinciales y nacionales, el rechazo al cobro de comisiones a las empresas por parte de las entidades bancarias, cuando [&hellip;]<\/p>\n","protected":false},"author":4,"featured_media":49483,"comment_status":"open","ping_status":"closed","sticky":false,"template":"","format":"standard","meta":{"om_disable_all_campaigns":false,"_jetpack_memberships_contains_paid_content":false,"footnotes":""},"categories":[101,2],"tags":[],"class_list":["post-49482","post","type-post","status-publish","format-standard","has-post-thumbnail","hentry","category-interes-general-locales","category-locales"],"aioseo_notices":[],"gutentor_comment":0,"jetpack_featured_media_url":"https:\/\/eldiariodesanpedro.com.ar\/sitio\/wp-content\/uploads\/2019\/03\/fotopre13399.jpg","jetpack_shortlink":"https:\/\/wp.me\/p6RhLt-cS6","jetpack_sharing_enabled":true,"_links":{"self":[{"href":"https:\/\/eldiariodesanpedro.com.ar\/sitio\/wp-json\/wp\/v2\/posts\/49482","targetHints":{"allow":["GET"]}}],"collection":[{"href":"https:\/\/eldiariodesanpedro.com.ar\/sitio\/wp-json\/wp\/v2\/posts"}],"about":[{"href":"https:\/\/eldiariodesanpedro.com.ar\/sitio\/wp-json\/wp\/v2\/types\/post"}],"author":[{"embeddable":true,"href":"https:\/\/eldiariodesanpedro.com.ar\/sitio\/wp-json\/wp\/v2\/users\/4"}],"replies":[{"embeddable":true,"href":"https:\/\/eldiariodesanpedro.com.ar\/sitio\/wp-json\/wp\/v2\/comments?post=49482"}],"version-history":[{"count":1,"href":"https:\/\/eldiariodesanpedro.com.ar\/sitio\/wp-json\/wp\/v2\/posts\/49482\/revisions"}],"predecessor-version":[{"id":49484,"href":"https:\/\/eldiariodesanpedro.com.ar\/sitio\/wp-json\/wp\/v2\/posts\/49482\/revisions\/49484"}],"wp:featuredmedia":[{"embeddable":true,"href":"https:\/\/eldiariodesanpedro.com.ar\/sitio\/wp-json\/wp\/v2\/media\/49483"}],"wp:attachment":[{"href":"https:\/\/eldiariodesanpedro.com.ar\/sitio\/wp-json\/wp\/v2\/media?parent=49482"}],"wp:term":[{"taxonomy":"category","embeddable":true,"href":"https:\/\/eldiariodesanpedro.com.ar\/sitio\/wp-json\/wp\/v2\/categories?post=49482"},{"taxonomy":"post_tag","embeddable":true,"href":"https:\/\/eldiariodesanpedro.com.ar\/sitio\/wp-json\/wp\/v2\/tags?post=49482"}],"curies":[{"name":"wp","href":"https:\/\/api.w.org\/{rel}","templated":true}]}}