{"id":49473,"date":"2019-03-23T11:45:57","date_gmt":"2019-03-23T14:45:57","guid":{"rendered":"https:\/\/eldiariodesanpedro.com.ar\/sitio\/?p=49473"},"modified":"2019-03-23T11:46:06","modified_gmt":"2019-03-23T14:46:06","slug":"san-nicolas-ataco-a-su-madre-con-una-cuchilla","status":"publish","type":"post","link":"https:\/\/eldiariodesanpedro.com.ar\/sitio\/san-nicolas-ataco-a-su-madre-con-una-cuchilla\/","title":{"rendered":"SAN NICOLAS: Ataco a su madre con una cuchilla"},"content":{"rendered":"<!-- VideographyWP Plugin Message: Automatic video embedding prevented by plugin options. -->\n\n<p> Personal de la Comisar\u00eda San Nicol\u00e1s Tercera junto con efectivos del Comando de Patrulla local, en el operativo \u201ccalles seguras\u201d en Av. Illia y Eva Per\u00f3n procedieron a la aprehensi\u00f3n de una persona de 27 a\u00f1os, quien momentos antes habr\u00eda amenazado con una cuchilla a su madre, para luego arremeter contra el personal sin resultar persona lesionada.\u00a0<\/p>\n\n\n\n<p>Se labraron actuaciones caratulada \u201cAmenazas calificadas y resistencia a la autoridad\u201d, con intervenci\u00f3n de la UFI N\u00b0 1 a cargo del Dr. Patricio Mujica D\u00edaz del Departamento Judicial San Nicol\u00e1s. <\/p>\n","protected":false},"excerpt":{"rendered":"<p>Personal de la Comisar\u00eda San Nicol\u00e1s Tercera junto con efectivos del Comando de Patrulla local, en el operativo \u201ccalles seguras\u201d en Av. Illia y Eva Per\u00f3n procedieron a la aprehensi\u00f3n de una persona de 27 a\u00f1os, quien momentos antes habr\u00eda amenazado con una cuchilla a su madre, para luego arremeter contra el personal sin resultar [&hellip;]<\/p>\n","protected":false},"author":4,"featured_media":49474,"comment_status":"open","ping_status":"closed","sticky":false,"template":"","format":"standard","meta":{"om_disable_all_campaigns":false,"_jetpack_memberships_contains_paid_content":false,"footnotes":""},"categories":[621],"tags":[],"class_list":["post-49473","post","type-post","status-publish","format-standard","has-post-thumbnail","hentry","category-regionales"],"aioseo_notices":[],"gutentor_comment":0,"jetpack_featured_media_url":"https:\/\/eldiariodesanpedro.com.ar\/sitio\/wp-content\/uploads\/2019\/03\/0-1-1.jpg","jetpack_shortlink":"https:\/\/wp.me\/p6RhLt-cRX","jetpack_sharing_enabled":true,"_links":{"self":[{"href":"https:\/\/eldiariodesanpedro.com.ar\/sitio\/wp-json\/wp\/v2\/posts\/49473","targetHints":{"allow":["GET"]}}],"collection":[{"href":"https:\/\/eldiariodesanpedro.com.ar\/sitio\/wp-json\/wp\/v2\/posts"}],"about":[{"href":"https:\/\/eldiariodesanpedro.com.ar\/sitio\/wp-json\/wp\/v2\/types\/post"}],"author":[{"embeddable":true,"href":"https:\/\/eldiariodesanpedro.com.ar\/sitio\/wp-json\/wp\/v2\/users\/4"}],"replies":[{"embeddable":true,"href":"https:\/\/eldiariodesanpedro.com.ar\/sitio\/wp-json\/wp\/v2\/comments?post=49473"}],"version-history":[{"count":1,"href":"https:\/\/eldiariodesanpedro.com.ar\/sitio\/wp-json\/wp\/v2\/posts\/49473\/revisions"}],"predecessor-version":[{"id":49475,"href":"https:\/\/eldiariodesanpedro.com.ar\/sitio\/wp-json\/wp\/v2\/posts\/49473\/revisions\/49475"}],"wp:featuredmedia":[{"embeddable":true,"href":"https:\/\/eldiariodesanpedro.com.ar\/sitio\/wp-json\/wp\/v2\/media\/49474"}],"wp:attachment":[{"href":"https:\/\/eldiariodesanpedro.com.ar\/sitio\/wp-json\/wp\/v2\/media?parent=49473"}],"wp:term":[{"taxonomy":"category","embeddable":true,"href":"https:\/\/eldiariodesanpedro.com.ar\/sitio\/wp-json\/wp\/v2\/categories?post=49473"},{"taxonomy":"post_tag","embeddable":true,"href":"https:\/\/eldiariodesanpedro.com.ar\/sitio\/wp-json\/wp\/v2\/tags?post=49473"}],"curies":[{"name":"wp","href":"https:\/\/api.w.org\/{rel}","templated":true}]}}