{"id":49470,"date":"2019-03-23T11:41:41","date_gmt":"2019-03-23T14:41:41","guid":{"rendered":"https:\/\/eldiariodesanpedro.com.ar\/sitio\/?p=49470"},"modified":"2019-03-23T11:41:53","modified_gmt":"2019-03-23T14:41:53","slug":"la-desocupacion-no-paro-de-crecer-en-san-nicolas-y-villa-constitucion","status":"publish","type":"post","link":"https:\/\/eldiariodesanpedro.com.ar\/sitio\/la-desocupacion-no-paro-de-crecer-en-san-nicolas-y-villa-constitucion\/","title":{"rendered":"La desocupaci\u00f3n no paro de crecer en San Nicolas y Villa Constituci\u00f3n"},"content":{"rendered":"<!-- VideographyWP Plugin Message: Automatic video embedding prevented by plugin options. -->\n\n<p><strong>Elaborado por el INDEC, el indicador ya hab\u00eda superado los dos d\u00edgitos en la anterior medici\u00f3n. Ahora el organismo de estad\u00edstica consign\u00f3 que en el cuarto trimestre de 2018 el desempleo pas\u00f3 de 10,9 a 11,3 puntos. Para todo el suelo bonaerense, el aglomerado San Nicol\u00e1s \u2013 Villa Constituci\u00f3n s\u00f3lo es superado en t\u00e9rminos de desocupaci\u00f3n por Mar del Plata (12,8) y el Conurbano (11,4). Hubo un marcado descenso de la subocupaci\u00f3n.\u00a0<br><\/strong><br>Finalmente, y en medio de una marcada expectativa, el Instituto Nacional de Estad\u00edsticas y Censo (INDEC) dio este jueves a difusi\u00f3n su informe sobre el Mercado de Trabajo con tasas e indicadores econ\u00f3micos para los 31 aglomerados urbanos que integran el universo estad\u00edstico. De signo negativo, la expectativa central estaba puesta en la posibilidad de que el \u00edndice de desocupaci\u00f3n llegara a los dos d\u00edgitos en la media nacional: algo que finalmente no ocurri\u00f3, puesto que la tasa se fij\u00f3 en 9,1. No obstante, para el aglomerado que integran San Nicol\u00e1s y Villa Constituci\u00f3n el doble d\u00edgito ya hab\u00eda sido una dolorosa realidad en la medici\u00f3n anterior correspondiente al tercer trimestre de 2018; y ahora la tasa creci\u00f3 desde aquellos 10,9 puntos hasta arrojar los 11,3 que ponen a esta porci\u00f3n muy cerca de las peores marcas registradas en suelo bonaerense: Mar del Plata (12,8) y el Conurbano (11,4). Los 11,3 puntos de desocupaci\u00f3n en San Nicol\u00e1s \u2013 Villa Constituci\u00f3n (un aglomerado de marcado perfil industrial y, por ese motivo, expuesto a condiciones puntuales de la econom\u00eda nacional) muestran un segundo avance consecutivo en el rubro.\u00a0<\/p>\n\n\n\n<p>En el tercer trimestre de 2018 el indicador se hab\u00eda ubicado en 10,9; en el segundo del mismo a\u00f1o, en 9,0. Y despu\u00e9s de una marca de 6,4 en el primer trimestre de 2018, la comparaci\u00f3n interanual entre el cuarto trimestre de 2018 y el mismo periodo de 2017 muestra un contundente contraste: en s\u00f3lo 12 meses, el indicador trep\u00f3 de 6,9 a los actuales 11,3 puntos porcentuales. En tanto, en el aglomerado urbano San Nicol\u00e1s \u2013 Villa Constituci\u00f3n tiende a disminuir la poblaci\u00f3n subocupada, definida metodol\u00f3gicamente como la porci\u00f3n de habitantes \u00abque trabajan menos de 35 horas semanales por causas involuntarias y est\u00e1n dispuestos a trabajar m\u00e1s horas\u00bb.\u00a0<\/p>\n\n\n\n<p>Despu\u00e9s de un alto pico de 10,7 puntos porcentuales registrado en la medici\u00f3n anterior, el indicador se ubic\u00f3 en 8,4 puntos en el cuarto trimestre de 2018. El mapa total Lo dicho: el \u00edndice de desocupaci\u00f3n alcanz\u00f3 \u2013para todo el territorio nacional- el 9,1% en el cuarto trimestre del 2018, con un incremento interanual del 1,9%. En tanto, en la mayor\u00eda de los aglomerados bonaerenses la tasa de desempleo registr\u00f3 n\u00fameros a\u00fan mayores, destac\u00e1ndose Mar del Plata en donde lleg\u00f3 al 12,8%.\u00a0<\/p>\n\n\n\n<p>Seg\u00fan el informe del INDEC, la tasa de desempleo se mantuvo medianamente estable durante los cuatro trimestres de 2018: 9,1%, en el primero; 9,6%, en el segundo; 9%, el tercero, y 9,1%, el cuarto. Sin embargo, si se compara el cuarto trimestre del a\u00f1o pasado con el mismo periodo de 2017, se advierte un aumento en la desocupaci\u00f3n del 1,9%, y tambi\u00e9n incrementos en la subocupaci\u00f3n del 1,8% (pas\u00f3 de 10,2% a 12%) y de las personas con empleo que buscan otro trabajo del 2,6% (de 14,7% a 17,3%). En tanto, el empleo cay\u00f3 0,8%.\u00a0<\/p>\n\n\n\n<p>\u201cEl aumento de la desocupaci\u00f3n responde en mayor medida al incremento en la tasa de los varones m\u00e1s j\u00f3venes, que equivale a 4 puntos porcentuales (de 11,4% a 15,4%), aunque tambi\u00e9n adquiere relevancia la suba de la desocupaci\u00f3n entre la poblaci\u00f3n de ambos sexos en edades centrales\u201d, detalla el Indec en su informe. Asimismo, se\u00f1ala que \u201cla ca\u00edda del empleo es impulsada por el descenso en la tasa de empleo de los varones en 1,9 puntos porcentuales (de 65,7% a 63,8%), principalmente la disminuci\u00f3n experimentada por la tasa de aquellos de 14 a 29 a\u00f1os, equivalente a 2,9 puntos porcentuales (de 50,1% a 47,2%)\u201d. En cuanto a las \u00e1reas m\u00e1s afectadas, el informe se\u00f1ala que \u201centre los desocupados con ocupaci\u00f3n anterior, la principal variaci\u00f3n interanual seg\u00fan la rama de actividad es el aumento de 3,2 puntos porcentuales en la proporci\u00f3n de aquellos que se desempe\u00f1aban en la construcci\u00f3n (de 17,8% a 21,0%)\u201d y que \u201cen segundo lugar, aumentan los desocupados que provienen de actividades de comercio en 1,4 puntos porcentuales (de 18,0% a 19,4%)\u201d.\u00a0<\/p>\n\n\n\n<p><strong>En la provincia\u00a0<br><\/strong>Entre los aglomerados bonaerenses, la situaci\u00f3n m\u00e1s cr\u00edtica la transita Mar del Plata que, como en otras oportunidades, ocupa el primer lugar del pa\u00eds en desempleo. All\u00ed la tasa de desocupaci\u00f3n es del 12,8%, mientras que la de subocupaci\u00f3n es del 17,5% y la de ocupados demandantes de empleo es del 21,6%. En la provincia de Buenos Aires, tambi\u00e9n tuvieron altos \u00edndices de desempleo durante el cuarto trimestre de 2019 el Conurbano (11,4%), la zona de San Nicol\u00e1s (11,3%) y Bah\u00eda Blanca (9,4%). En el Gran La Plata, seg\u00fan Indec, el empleo llega s\u00f3lo al 5,7%, un 0,2% con respecto a igual periodo de 2017.<\/p>\n\n\n\n<p>\u00a0La medici\u00f3n de Indec abarc\u00f3 a 26.170 viviendas de 31 aglomerados urbanos de todas las regiones del pa\u00eds. El organismo advierte que para algunas ciudades la muestra es m\u00e1s representativa que para otras.<\/p>\n\n\n\n<p>FUENTE : DIARIO EL NORTE<\/p>\n","protected":false},"excerpt":{"rendered":"<p>Elaborado por el INDEC, el indicador ya hab\u00eda superado los dos d\u00edgitos en la anterior medici\u00f3n. Ahora el organismo de estad\u00edstica consign\u00f3 que en el cuarto trimestre de 2018 el desempleo pas\u00f3 de 10,9 a 11,3 puntos. Para todo el suelo bonaerense, el aglomerado San Nicol\u00e1s \u2013 Villa Constituci\u00f3n s\u00f3lo es superado en t\u00e9rminos de [&hellip;]<\/p>\n","protected":false},"author":4,"featured_media":49471,"comment_status":"open","ping_status":"closed","sticky":false,"template":"","format":"standard","meta":{"om_disable_all_campaigns":false,"_jetpack_memberships_contains_paid_content":false,"footnotes":""},"categories":[621],"tags":[],"class_list":["post-49470","post","type-post","status-publish","format-standard","has-post-thumbnail","hentry","category-regionales"],"aioseo_notices":[],"gutentor_comment":0,"jetpack_featured_media_url":"https:\/\/eldiariodesanpedro.com.ar\/sitio\/wp-content\/uploads\/2019\/03\/0-5.jpg","jetpack_shortlink":"https:\/\/wp.me\/p6RhLt-cRU","jetpack_sharing_enabled":true,"_links":{"self":[{"href":"https:\/\/eldiariodesanpedro.com.ar\/sitio\/wp-json\/wp\/v2\/posts\/49470","targetHints":{"allow":["GET"]}}],"collection":[{"href":"https:\/\/eldiariodesanpedro.com.ar\/sitio\/wp-json\/wp\/v2\/posts"}],"about":[{"href":"https:\/\/eldiariodesanpedro.com.ar\/sitio\/wp-json\/wp\/v2\/types\/post"}],"author":[{"embeddable":true,"href":"https:\/\/eldiariodesanpedro.com.ar\/sitio\/wp-json\/wp\/v2\/users\/4"}],"replies":[{"embeddable":true,"href":"https:\/\/eldiariodesanpedro.com.ar\/sitio\/wp-json\/wp\/v2\/comments?post=49470"}],"version-history":[{"count":1,"href":"https:\/\/eldiariodesanpedro.com.ar\/sitio\/wp-json\/wp\/v2\/posts\/49470\/revisions"}],"predecessor-version":[{"id":49472,"href":"https:\/\/eldiariodesanpedro.com.ar\/sitio\/wp-json\/wp\/v2\/posts\/49470\/revisions\/49472"}],"wp:featuredmedia":[{"embeddable":true,"href":"https:\/\/eldiariodesanpedro.com.ar\/sitio\/wp-json\/wp\/v2\/media\/49471"}],"wp:attachment":[{"href":"https:\/\/eldiariodesanpedro.com.ar\/sitio\/wp-json\/wp\/v2\/media?parent=49470"}],"wp:term":[{"taxonomy":"category","embeddable":true,"href":"https:\/\/eldiariodesanpedro.com.ar\/sitio\/wp-json\/wp\/v2\/categories?post=49470"},{"taxonomy":"post_tag","embeddable":true,"href":"https:\/\/eldiariodesanpedro.com.ar\/sitio\/wp-json\/wp\/v2\/tags?post=49470"}],"curies":[{"name":"wp","href":"https:\/\/api.w.org\/{rel}","templated":true}]}}