{"id":49467,"date":"2019-03-23T11:36:20","date_gmt":"2019-03-23T14:36:20","guid":{"rendered":"https:\/\/eldiariodesanpedro.com.ar\/sitio\/?p=49467"},"modified":"2019-03-23T11:36:30","modified_gmt":"2019-03-23T14:36:30","slug":"campana-recibio-el-fondo-de-emergencia-para-mujeres-que-sufren-violencia-de-genero","status":"publish","type":"post","link":"https:\/\/eldiariodesanpedro.com.ar\/sitio\/campana-recibio-el-fondo-de-emergencia-para-mujeres-que-sufren-violencia-de-genero\/","title":{"rendered":"Campana recibi\u00f3 el fondo de emergencia para mujeres que sufren violencia de g\u00e9nero"},"content":{"rendered":"<!-- VideographyWP Plugin Message: Automatic video embedding prevented by plugin options. -->\n\n<p> A trav\u00e9s de la Direcci\u00f3n de Derechos Humanos del Municipio, las mujeres que atraviesen una situaci\u00f3n de violencia podr\u00e1n recibir ayuda econ\u00f3mica para solventar emergencias tales como alojamiento, alimentaci\u00f3n, medicamentos, entre otros, de manera r\u00e1pida y eficiente.<\/p>\n\n\n\n<p>\n\nEl Municipio recibi\u00f3, desde el Instituto Provincial de G\u00e9nero y Diversidad Sexual, el fondo de emergencia para mujeres v\u00edctimas de violencia de g\u00e9nero.<\/p>\n\n\n\n<p>La ayuda -que consta de una tarjeta de d\u00e9bito- fue gestionada por la directora de Derechos Humanos, Ver\u00f3nica Lamas.<\/p>\n\n\n\n<p>Esta tarjeta forma parte de un nuevo sistema de asistencia que permite solventar emergencias tales como alojamiento, alimentaci\u00f3n, medicamentos, vestimenta, calzado, pa\u00f1ales y atenci\u00f3n m\u00e9dica (para los casos en que no sea brindada por organismos de salud p\u00fablica).<\/p>\n\n\n\n<p>El prop\u00f3sito es ofrecer asistencia de manera r\u00e1pida y eficiente, con una disponibilidad de hasta $7.500 por cada caso.<\/p>\n\n\n\n<p>La gesti\u00f3n del dinero se realizar\u00e1 a trav\u00e9s de la Direcci\u00f3n de Derechos Humanos del Municipio que deber\u00e1 informar las necesidades y efectuar las acciones administrativas correspondientes para autorizar el monto ante la Secretar\u00eda de Derechos Humanos de la Provincia.&nbsp;<\/p>\n\n\n\n<p>\u00abEst\u00e1 destinado a mejorar la calidad de respuesta frente a este tipo de emergencias. No es un subsidio, se trata de un fondo que est\u00e1 disponible para que, desde el municipio, podamos dar respuesta eficaz y concreta a las necesidades de las mujeres\u00bb, explic\u00f3 Lamas al tiempo que destac\u00f3 las pol\u00edticas impulsadas desde Provincia a fin de contener y acompa\u00f1ar a las mujeres en situaci\u00f3n de vulnerabilidad.&nbsp;<\/p>\n\n\n\n<p>\u00abAdem\u00e1s de contener f\u00edsica y psicol\u00f3gicamente a las mujeres y sus hijos, hoy podemos brindarles una ayuda econ\u00f3mica que redundar\u00e1 en autonom\u00eda y seguridad para ellas. Este es un recurso muy importante para el trabajo que estamos realizando para las mujeres, que se suma a los dispositivos de ayuda que ya est\u00e1n funcionando: el 0800 122 VIDA, la Red Integral de Asistencia, el Hogar de Protecci\u00f3n Integral y el bot\u00f3n de Violencia de G\u00e9nero en la app de Alerta Campana\u00bb destac\u00f3 Mariela Schvartz, jefa de Gabinete.\n\n<\/p>\n\n\n\n<p>FUENTE: CAMPANA NOTICIAS<\/p>\n","protected":false},"excerpt":{"rendered":"<p>A trav\u00e9s de la Direcci\u00f3n de Derechos Humanos del Municipio, las mujeres que atraviesen una situaci\u00f3n de violencia podr\u00e1n recibir ayuda econ\u00f3mica para solventar emergencias tales como alojamiento, alimentaci\u00f3n, medicamentos, entre otros, de manera r\u00e1pida y eficiente. El Municipio recibi\u00f3, desde el Instituto Provincial de G\u00e9nero y Diversidad Sexual, el fondo de emergencia para mujeres [&hellip;]<\/p>\n","protected":false},"author":4,"featured_media":49468,"comment_status":"open","ping_status":"closed","sticky":false,"template":"","format":"standard","meta":{"om_disable_all_campaigns":false,"_jetpack_memberships_contains_paid_content":false,"footnotes":""},"categories":[621],"tags":[],"class_list":["post-49467","post","type-post","status-publish","format-standard","has-post-thumbnail","hentry","category-regionales"],"aioseo_notices":[],"gutentor_comment":0,"jetpack_featured_media_url":"https:\/\/eldiariodesanpedro.com.ar\/sitio\/wp-content\/uploads\/2019\/03\/20190322025227.jpg","jetpack_shortlink":"https:\/\/wp.me\/p6RhLt-cRR","jetpack_sharing_enabled":true,"_links":{"self":[{"href":"https:\/\/eldiariodesanpedro.com.ar\/sitio\/wp-json\/wp\/v2\/posts\/49467","targetHints":{"allow":["GET"]}}],"collection":[{"href":"https:\/\/eldiariodesanpedro.com.ar\/sitio\/wp-json\/wp\/v2\/posts"}],"about":[{"href":"https:\/\/eldiariodesanpedro.com.ar\/sitio\/wp-json\/wp\/v2\/types\/post"}],"author":[{"embeddable":true,"href":"https:\/\/eldiariodesanpedro.com.ar\/sitio\/wp-json\/wp\/v2\/users\/4"}],"replies":[{"embeddable":true,"href":"https:\/\/eldiariodesanpedro.com.ar\/sitio\/wp-json\/wp\/v2\/comments?post=49467"}],"version-history":[{"count":1,"href":"https:\/\/eldiariodesanpedro.com.ar\/sitio\/wp-json\/wp\/v2\/posts\/49467\/revisions"}],"predecessor-version":[{"id":49469,"href":"https:\/\/eldiariodesanpedro.com.ar\/sitio\/wp-json\/wp\/v2\/posts\/49467\/revisions\/49469"}],"wp:featuredmedia":[{"embeddable":true,"href":"https:\/\/eldiariodesanpedro.com.ar\/sitio\/wp-json\/wp\/v2\/media\/49468"}],"wp:attachment":[{"href":"https:\/\/eldiariodesanpedro.com.ar\/sitio\/wp-json\/wp\/v2\/media?parent=49467"}],"wp:term":[{"taxonomy":"category","embeddable":true,"href":"https:\/\/eldiariodesanpedro.com.ar\/sitio\/wp-json\/wp\/v2\/categories?post=49467"},{"taxonomy":"post_tag","embeddable":true,"href":"https:\/\/eldiariodesanpedro.com.ar\/sitio\/wp-json\/wp\/v2\/tags?post=49467"}],"curies":[{"name":"wp","href":"https:\/\/api.w.org\/{rel}","templated":true}]}}