{"id":49464,"date":"2019-03-23T11:33:46","date_gmt":"2019-03-23T14:33:46","guid":{"rendered":"https:\/\/eldiariodesanpedro.com.ar\/sitio\/?p=49464"},"modified":"2019-03-23T11:33:57","modified_gmt":"2019-03-23T14:33:57","slug":"zarate-sofocan-un-voraz-incendio-en-basural-clandestino","status":"publish","type":"post","link":"https:\/\/eldiariodesanpedro.com.ar\/sitio\/zarate-sofocan-un-voraz-incendio-en-basural-clandestino\/","title":{"rendered":"ZARATE: Sofocan un voraz incendio en basural clandestino"},"content":{"rendered":"<!-- VideographyWP Plugin Message: Automatic video embedding prevented by plugin options. -->\n\n<p>\n\nEn horas de la noche del viernes, vecinos ubicados en calle Larrea, acudieron a Bomberos Voluntarios de Z\u00e1rate para sofocar grandes llamas que proven\u00edan de basura quemada en un campo lindero.<\/p>\n\n\n\n<p>Enseguida, el m\u00f3vil 22\/11 junto con tres hombres, se hicieron presentes en el camino viejo a Capilla. Seg\u00fan asegur\u00f3 el due\u00f1o del terreno, el fuego fue \u201ctotalmente intencional\u201d, producto de otros residentes de la zona que tiran residuos y luego los queman. Adem\u00e1s, concluy\u00f3 asegurando que iba a realizar \u201csin ninguna duda\u201d el reclamo pertinente a la Municipalidad y la denuncia en la Polic\u00eda: \u201cpara que esto no vuelva a suceder\u201d. Por suerte, no hubo personas heridas ni da\u00f1os materiales los cu\u00e1les lamentar.<\/p>\n\n\n\n<p>FUENTE: ZARATE ALERTA<\/p>\n","protected":false},"excerpt":{"rendered":"<p>En horas de la noche del viernes, vecinos ubicados en calle Larrea, acudieron a Bomberos Voluntarios de Z\u00e1rate para sofocar grandes llamas que proven\u00edan de basura quemada en un campo lindero. Enseguida, el m\u00f3vil 22\/11 junto con tres hombres, se hicieron presentes en el camino viejo a Capilla. Seg\u00fan asegur\u00f3 el due\u00f1o del terreno, el [&hellip;]<\/p>\n","protected":false},"author":4,"featured_media":49465,"comment_status":"open","ping_status":"closed","sticky":false,"template":"","format":"standard","meta":{"om_disable_all_campaigns":false,"_jetpack_memberships_contains_paid_content":false,"footnotes":""},"categories":[621],"tags":[],"class_list":["post-49464","post","type-post","status-publish","format-standard","has-post-thumbnail","hentry","category-regionales"],"aioseo_notices":[],"gutentor_comment":0,"jetpack_featured_media_url":"https:\/\/eldiariodesanpedro.com.ar\/sitio\/wp-content\/uploads\/2019\/03\/captura_de_pantalla_de_2019-03-23_10-45-13.jpg","jetpack_shortlink":"https:\/\/wp.me\/p6RhLt-cRO","jetpack_sharing_enabled":true,"_links":{"self":[{"href":"https:\/\/eldiariodesanpedro.com.ar\/sitio\/wp-json\/wp\/v2\/posts\/49464","targetHints":{"allow":["GET"]}}],"collection":[{"href":"https:\/\/eldiariodesanpedro.com.ar\/sitio\/wp-json\/wp\/v2\/posts"}],"about":[{"href":"https:\/\/eldiariodesanpedro.com.ar\/sitio\/wp-json\/wp\/v2\/types\/post"}],"author":[{"embeddable":true,"href":"https:\/\/eldiariodesanpedro.com.ar\/sitio\/wp-json\/wp\/v2\/users\/4"}],"replies":[{"embeddable":true,"href":"https:\/\/eldiariodesanpedro.com.ar\/sitio\/wp-json\/wp\/v2\/comments?post=49464"}],"version-history":[{"count":1,"href":"https:\/\/eldiariodesanpedro.com.ar\/sitio\/wp-json\/wp\/v2\/posts\/49464\/revisions"}],"predecessor-version":[{"id":49466,"href":"https:\/\/eldiariodesanpedro.com.ar\/sitio\/wp-json\/wp\/v2\/posts\/49464\/revisions\/49466"}],"wp:featuredmedia":[{"embeddable":true,"href":"https:\/\/eldiariodesanpedro.com.ar\/sitio\/wp-json\/wp\/v2\/media\/49465"}],"wp:attachment":[{"href":"https:\/\/eldiariodesanpedro.com.ar\/sitio\/wp-json\/wp\/v2\/media?parent=49464"}],"wp:term":[{"taxonomy":"category","embeddable":true,"href":"https:\/\/eldiariodesanpedro.com.ar\/sitio\/wp-json\/wp\/v2\/categories?post=49464"},{"taxonomy":"post_tag","embeddable":true,"href":"https:\/\/eldiariodesanpedro.com.ar\/sitio\/wp-json\/wp\/v2\/tags?post=49464"}],"curies":[{"name":"wp","href":"https:\/\/api.w.org\/{rel}","templated":true}]}}