{"id":49460,"date":"2019-03-23T11:13:40","date_gmt":"2019-03-23T14:13:40","guid":{"rendered":"https:\/\/eldiariodesanpedro.com.ar\/sitio\/?p=49460"},"modified":"2019-03-23T11:13:46","modified_gmt":"2019-03-23T14:13:46","slug":"santa-lucia-un-hombre-fue-aprehendido-al-robarse-una-bicicleta","status":"publish","type":"post","link":"https:\/\/eldiariodesanpedro.com.ar\/sitio\/santa-lucia-un-hombre-fue-aprehendido-al-robarse-una-bicicleta\/","title":{"rendered":"SANTA LUCIA: Un hombre fue aprehendido al robarse una bicicleta"},"content":{"rendered":"<!-- VideographyWP Plugin Message: Automatic video embedding prevented by plugin options. -->\n\n<p>Tras r\u00e1pido accionar del personal policial, el sujeto fue trasladado al destacamento  y recuperado el rodado que hab\u00eda sustra\u00eddo instantes antes.<\/p>\n\n\n\n<p>El hecho ocurri\u00f3 este viernes, en la localidad  vecina de Santa Lucia cuando un sujeto sustrae de la vereda sobre calle Am\u00e9rica y San Lorenzo una bicicleta.<\/p>\n\n\n\n<p>La policia alertada, logra aprehenderlo en inmediaciones de calle Libertad y Doyle.<\/p>\n\n\n\n<p>La bicicleta fue recuperada y el delincuente trasladado a la comisaria local. Interviene la fiscalia N\u00ba11.<\/p>\n\n\n\n<p><br><\/p>\n","protected":false},"excerpt":{"rendered":"<p>Tras r\u00e1pido accionar del personal policial, el sujeto fue trasladado al destacamento y recuperado el rodado que hab\u00eda sustra\u00eddo instantes antes. El hecho ocurri\u00f3 este viernes, en la localidad vecina de Santa Lucia cuando un sujeto sustrae de la vereda sobre calle Am\u00e9rica y San Lorenzo una bicicleta. La policia alertada, logra aprehenderlo en inmediaciones [&hellip;]<\/p>\n","protected":false},"author":4,"featured_media":24562,"comment_status":"open","ping_status":"closed","sticky":false,"template":"","format":"standard","meta":{"om_disable_all_campaigns":false,"_jetpack_memberships_contains_paid_content":false,"footnotes":""},"categories":[2,103],"tags":[],"class_list":["post-49460","post","type-post","status-publish","format-standard","has-post-thumbnail","hentry","category-locales","category-policiales-locales"],"aioseo_notices":[],"gutentor_comment":0,"jetpack_featured_media_url":"https:\/\/eldiariodesanpedro.com.ar\/sitio\/wp-content\/uploads\/2017\/10\/policia-patrulla-noche.jpg","jetpack_shortlink":"https:\/\/wp.me\/p6RhLt-cRK","jetpack_sharing_enabled":true,"_links":{"self":[{"href":"https:\/\/eldiariodesanpedro.com.ar\/sitio\/wp-json\/wp\/v2\/posts\/49460","targetHints":{"allow":["GET"]}}],"collection":[{"href":"https:\/\/eldiariodesanpedro.com.ar\/sitio\/wp-json\/wp\/v2\/posts"}],"about":[{"href":"https:\/\/eldiariodesanpedro.com.ar\/sitio\/wp-json\/wp\/v2\/types\/post"}],"author":[{"embeddable":true,"href":"https:\/\/eldiariodesanpedro.com.ar\/sitio\/wp-json\/wp\/v2\/users\/4"}],"replies":[{"embeddable":true,"href":"https:\/\/eldiariodesanpedro.com.ar\/sitio\/wp-json\/wp\/v2\/comments?post=49460"}],"version-history":[{"count":1,"href":"https:\/\/eldiariodesanpedro.com.ar\/sitio\/wp-json\/wp\/v2\/posts\/49460\/revisions"}],"predecessor-version":[{"id":49461,"href":"https:\/\/eldiariodesanpedro.com.ar\/sitio\/wp-json\/wp\/v2\/posts\/49460\/revisions\/49461"}],"wp:featuredmedia":[{"embeddable":true,"href":"https:\/\/eldiariodesanpedro.com.ar\/sitio\/wp-json\/wp\/v2\/media\/24562"}],"wp:attachment":[{"href":"https:\/\/eldiariodesanpedro.com.ar\/sitio\/wp-json\/wp\/v2\/media?parent=49460"}],"wp:term":[{"taxonomy":"category","embeddable":true,"href":"https:\/\/eldiariodesanpedro.com.ar\/sitio\/wp-json\/wp\/v2\/categories?post=49460"},{"taxonomy":"post_tag","embeddable":true,"href":"https:\/\/eldiariodesanpedro.com.ar\/sitio\/wp-json\/wp\/v2\/tags?post=49460"}],"curies":[{"name":"wp","href":"https:\/\/api.w.org\/{rel}","templated":true}]}}