{"id":49455,"date":"2019-03-23T09:55:49","date_gmt":"2019-03-23T12:55:49","guid":{"rendered":"https:\/\/eldiariodesanpedro.com.ar\/sitio\/?p=49455"},"modified":"2019-03-23T09:56:01","modified_gmt":"2019-03-23T12:56:01","slug":"el-obispado-de-zarate-triste-por-actos-vandalicos","status":"publish","type":"post","link":"https:\/\/eldiariodesanpedro.com.ar\/sitio\/el-obispado-de-zarate-triste-por-actos-vandalicos\/","title":{"rendered":"El Obispado de Z\u00e1rate \u201ctriste\u201d por actos vand\u00e1licos"},"content":{"rendered":"<!-- VideographyWP Plugin Message: Automatic video embedding prevented by plugin options. -->\n\n<p>En los \u00faltimos tiempos en distintos puntos del pa\u00eds, dicen haber sido testigos de que varias im\u00e1genes de la Virgen Mar\u00eda han sido objeto de agresiones que van desde una pretendida justificaci\u00f3n art\u00edstica hasta el ataque directo. Por ello, llaman a una \u00abuni\u00f3n para orar y pedir por convivencia y tolerancia\u00bb.<\/p>\n\n\n\n<p><em>\u201cEn los \u00faltimos tiempos hemos sido testigos, en distintos puntos del pa\u00eds, de que varias im\u00e1genes de la Virgen Mar\u00eda han sido objeto de agresiones que van desde una pretendida justificaci\u00f3n art\u00edstica hasta el ataque directo. Nos hacemos eco de los fieles que nos han manifestado su dolor e indignaci\u00f3n.Valoramos el derecho a la libertad de expresi\u00f3n, pero no podemos dejar de manifestar nuestra tristeza y firme rechazo cuando estas acciones hieren la sensibilidad religiosa. No juzgamos la expresi\u00f3n de una opini\u00f3n, pero hacemos una constataci\u00f3n objetiva: se han desfigurado im\u00e1genes que para los cat\u00f3licos son sagradas.Detr\u00e1s de la iconograf\u00eda religiosa est\u00e1 la fe de gran parte de nuestro pueblo, que en esas im\u00e1genes encuentra un punto de contacto con lo que cree y son objeto de su devoci\u00f3n. Como obispos, tenemos la misi\u00f3n de cuidar esa fe, por lo que no podemos callar ni dejar pasar esta situaci\u00f3n. La libertad de opini\u00f3n y de expresi\u00f3n religiosa no puede transformarse en un instrumento para la ofensa. La pac\u00edfica convivencia en la diversidad s\u00f3lo es posible en el mutuo respeto. Invitamos a que el pr\u00f3ximo 25 de marzo, d\u00eda de la Anunciaci\u00f3n, nos unamos en oraci\u00f3n para pedir que aprendamos a valorar nuestras creencias m\u00e1s profundas y respetarnos en las diferencias, para que retomemos el camino de la convivencia tolerante y pac\u00edfica\u201d.<\/em>Comisi\u00f3n Ejecutiva Conferencia Episcopal Argentina <\/p>\n\n\n\n<p>FUENTE: Zarate Alerta<\/p>\n","protected":false},"excerpt":{"rendered":"<p>En los \u00faltimos tiempos en distintos puntos del pa\u00eds, dicen haber sido testigos de que varias im\u00e1genes de la Virgen Mar\u00eda han sido objeto de agresiones que van desde una pretendida justificaci\u00f3n art\u00edstica hasta el ataque directo. Por ello, llaman a una \u00abuni\u00f3n para orar y pedir por convivencia y tolerancia\u00bb. \u201cEn los \u00faltimos tiempos [&hellip;]<\/p>\n","protected":false},"author":4,"featured_media":49456,"comment_status":"open","ping_status":"closed","sticky":false,"template":"","format":"standard","meta":{"om_disable_all_campaigns":false,"_jetpack_memberships_contains_paid_content":false,"footnotes":""},"categories":[621],"tags":[],"class_list":["post-49455","post","type-post","status-publish","format-standard","has-post-thumbnail","hentry","category-regionales"],"aioseo_notices":[],"gutentor_comment":0,"jetpack_featured_media_url":"https:\/\/eldiariodesanpedro.com.ar\/sitio\/wp-content\/uploads\/2019\/03\/32440667_725322231191237_4263070979074293760_n.jpg","jetpack_shortlink":"https:\/\/wp.me\/p6RhLt-cRF","jetpack_sharing_enabled":true,"_links":{"self":[{"href":"https:\/\/eldiariodesanpedro.com.ar\/sitio\/wp-json\/wp\/v2\/posts\/49455","targetHints":{"allow":["GET"]}}],"collection":[{"href":"https:\/\/eldiariodesanpedro.com.ar\/sitio\/wp-json\/wp\/v2\/posts"}],"about":[{"href":"https:\/\/eldiariodesanpedro.com.ar\/sitio\/wp-json\/wp\/v2\/types\/post"}],"author":[{"embeddable":true,"href":"https:\/\/eldiariodesanpedro.com.ar\/sitio\/wp-json\/wp\/v2\/users\/4"}],"replies":[{"embeddable":true,"href":"https:\/\/eldiariodesanpedro.com.ar\/sitio\/wp-json\/wp\/v2\/comments?post=49455"}],"version-history":[{"count":1,"href":"https:\/\/eldiariodesanpedro.com.ar\/sitio\/wp-json\/wp\/v2\/posts\/49455\/revisions"}],"predecessor-version":[{"id":49457,"href":"https:\/\/eldiariodesanpedro.com.ar\/sitio\/wp-json\/wp\/v2\/posts\/49455\/revisions\/49457"}],"wp:featuredmedia":[{"embeddable":true,"href":"https:\/\/eldiariodesanpedro.com.ar\/sitio\/wp-json\/wp\/v2\/media\/49456"}],"wp:attachment":[{"href":"https:\/\/eldiariodesanpedro.com.ar\/sitio\/wp-json\/wp\/v2\/media?parent=49455"}],"wp:term":[{"taxonomy":"category","embeddable":true,"href":"https:\/\/eldiariodesanpedro.com.ar\/sitio\/wp-json\/wp\/v2\/categories?post=49455"},{"taxonomy":"post_tag","embeddable":true,"href":"https:\/\/eldiariodesanpedro.com.ar\/sitio\/wp-json\/wp\/v2\/tags?post=49455"}],"curies":[{"name":"wp","href":"https:\/\/api.w.org\/{rel}","templated":true}]}}