{"id":49451,"date":"2019-03-23T09:15:27","date_gmt":"2019-03-23T12:15:27","guid":{"rendered":"https:\/\/eldiariodesanpedro.com.ar\/sitio\/?p=49451"},"modified":"2019-03-23T09:15:33","modified_gmt":"2019-03-23T12:15:33","slug":"sin-acuerdo-municipales-y-ejecutivo-volveran-a-reunirse-este-lunes","status":"publish","type":"post","link":"https:\/\/eldiariodesanpedro.com.ar\/sitio\/sin-acuerdo-municipales-y-ejecutivo-volveran-a-reunirse-este-lunes\/","title":{"rendered":"Sin acuerdo: Municipales y Ejecutivo volver\u00e1n a reunirse este lunes"},"content":{"rendered":"<!-- VideographyWP Plugin Message: Automatic video embedding prevented by plugin options. -->\n\n<p>Parec\u00eda que por fin se terminar\u00eda el conflicto salarial, pero no fue as\u00ed.  ATE y STM rechazaron la propuesta del Ejecutivo Municipal del incremento del 30 por ciento con una revisi\u00f3n para diciembre. <\/p>\n\n\n\n<p>En la reuni\u00f3n se acord\u00f3 adelantar la cuota que era para junio, abonarla en marzo, pero no fue suficiente para los gremios.<\/p>\n\n\n\n<p>El Secretario Juan Cruz Acosta, dialogo con los medios y explico porque no llegaron al acuerdo \u00abestamos de acuerdo con los n\u00fameros pero queremos que achiquen los meses en realidad, y la clausula gatillo que todav\u00eda la venimos proponiendo, ademas lo que pedimos para que se entienda es, ese 15% de incremento salarial no sea en junio, sea antes, tenemos los 1000 pesos de refrigerio del a\u00f1o pasado pero que por lo menos se desdoble, que sea en abril y en junio, entonces en 6 meses vamos a tener tres aumentos en el bolsillo, y lo de junio a diciembre que se baje a noviembre, y sino una pauta salarial que hay que aumentarla mas, esto es el acuerdo que nosotros llegamos con la mayor\u00eda de los trabajadores en asamblea y el ejecutivo no estuvo de acuerdo\u00bb<\/p>\n\n\n\n<p>Abra una nueva reuni\u00f3n este lunes 25 del corriente mes.<\/p>\n","protected":false},"excerpt":{"rendered":"<p>Parec\u00eda que por fin se terminar\u00eda el conflicto salarial, pero no fue as\u00ed. ATE y STM rechazaron la propuesta del Ejecutivo Municipal del incremento del 30 por ciento con una revisi\u00f3n para diciembre. En la reuni\u00f3n se acord\u00f3 adelantar la cuota que era para junio, abonarla en marzo, pero no fue suficiente para los gremios. [&hellip;]<\/p>\n","protected":false},"author":4,"featured_media":4495,"comment_status":"open","ping_status":"closed","sticky":false,"template":"","format":"standard","meta":{"om_disable_all_campaigns":false,"_jetpack_memberships_contains_paid_content":false,"footnotes":""},"categories":[50,101,2],"tags":[],"class_list":["post-49451","post","type-post","status-publish","format-standard","has-post-thumbnail","hentry","category-destacadas","category-interes-general-locales","category-locales"],"aioseo_notices":[],"gutentor_comment":0,"jetpack_featured_media_url":"https:\/\/eldiariodesanpedro.com.ar\/sitio\/wp-content\/uploads\/2016\/05\/Municipalidad.jpg","jetpack_shortlink":"https:\/\/wp.me\/p6RhLt-cRB","jetpack_sharing_enabled":true,"_links":{"self":[{"href":"https:\/\/eldiariodesanpedro.com.ar\/sitio\/wp-json\/wp\/v2\/posts\/49451","targetHints":{"allow":["GET"]}}],"collection":[{"href":"https:\/\/eldiariodesanpedro.com.ar\/sitio\/wp-json\/wp\/v2\/posts"}],"about":[{"href":"https:\/\/eldiariodesanpedro.com.ar\/sitio\/wp-json\/wp\/v2\/types\/post"}],"author":[{"embeddable":true,"href":"https:\/\/eldiariodesanpedro.com.ar\/sitio\/wp-json\/wp\/v2\/users\/4"}],"replies":[{"embeddable":true,"href":"https:\/\/eldiariodesanpedro.com.ar\/sitio\/wp-json\/wp\/v2\/comments?post=49451"}],"version-history":[{"count":1,"href":"https:\/\/eldiariodesanpedro.com.ar\/sitio\/wp-json\/wp\/v2\/posts\/49451\/revisions"}],"predecessor-version":[{"id":49452,"href":"https:\/\/eldiariodesanpedro.com.ar\/sitio\/wp-json\/wp\/v2\/posts\/49451\/revisions\/49452"}],"wp:featuredmedia":[{"embeddable":true,"href":"https:\/\/eldiariodesanpedro.com.ar\/sitio\/wp-json\/wp\/v2\/media\/4495"}],"wp:attachment":[{"href":"https:\/\/eldiariodesanpedro.com.ar\/sitio\/wp-json\/wp\/v2\/media?parent=49451"}],"wp:term":[{"taxonomy":"category","embeddable":true,"href":"https:\/\/eldiariodesanpedro.com.ar\/sitio\/wp-json\/wp\/v2\/categories?post=49451"},{"taxonomy":"post_tag","embeddable":true,"href":"https:\/\/eldiariodesanpedro.com.ar\/sitio\/wp-json\/wp\/v2\/tags?post=49451"}],"curies":[{"name":"wp","href":"https:\/\/api.w.org\/{rel}","templated":true}]}}