{"id":49444,"date":"2019-03-22T19:05:41","date_gmt":"2019-03-22T22:05:41","guid":{"rendered":"https:\/\/eldiariodesanpedro.com.ar\/sitio\/?p=49444"},"modified":"2019-03-22T19:05:51","modified_gmt":"2019-03-22T22:05:51","slug":"san-nicolas-un-peaton-sufrio-una-fractura-de-craneo-al-ser-chocado-por-una-moto","status":"publish","type":"post","link":"https:\/\/eldiariodesanpedro.com.ar\/sitio\/san-nicolas-un-peaton-sufrio-una-fractura-de-craneo-al-ser-chocado-por-una-moto\/","title":{"rendered":"SAN NICOL\u00c1S: Un peat\u00f3n sufri\u00f3 una fractura de cr\u00e1neo al ser chocado por una moto"},"content":{"rendered":"<!-- VideographyWP Plugin Message: Automatic video embedding prevented by plugin options. -->\n\n<p>\n\nEl accidente ocurri\u00f3 pasado el mediod\u00eda del jueves en Av. Falc\u00f3n, entre Brown y Av. Morteo. Un hombre de 32 a\u00f1os embisti\u00f3 con su moto a un peat\u00f3n que cruzaba la arteria. Se trata de Marcelo Leandro Romero quien sufri\u00f3 un lesi\u00f3n graves en el cr\u00e1neo.<\/p>\n\n\n\n<p>El conductor de la moto Honda dominio A081DGG, que circulaba por Avenida Falc\u00f3n, trat\u00f3 de advertir al peat\u00f3n tocando la bocina, aunque no pudo evitar el choque.\u00a0<br><br>Romero, de 33 a\u00f1os, qued\u00f3 tendido en el suelo hasta la llegada de la ambulancia que lo traslad\u00f3 al hospital San Felipe. El m\u00e9dico de Polic\u00eda determin\u00f3 que las lesiones fueron de car\u00e1cter grave, con riesgo de vida presentando una fractura de cr\u00e1neo.\u00a0<br><br>Interviene en la investigaci\u00f3n la UFI N\u00b01.<\/p>\n\n\n\n<p>Fuente: Diario El Informante<\/p>\n","protected":false},"excerpt":{"rendered":"<p>El accidente ocurri\u00f3 pasado el mediod\u00eda del jueves en Av. Falc\u00f3n, entre Brown y Av. Morteo. Un hombre de 32 a\u00f1os embisti\u00f3 con su moto a un peat\u00f3n que cruzaba la arteria. Se trata de Marcelo Leandro Romero quien sufri\u00f3 un lesi\u00f3n graves en el cr\u00e1neo. El conductor de la moto Honda dominio A081DGG, que [&hellip;]<\/p>\n","protected":false},"author":4,"featured_media":49445,"comment_status":"open","ping_status":"closed","sticky":false,"template":"","format":"standard","meta":{"om_disable_all_campaigns":false,"_jetpack_memberships_contains_paid_content":false,"footnotes":""},"categories":[621],"tags":[],"class_list":["post-49444","post","type-post","status-publish","format-standard","has-post-thumbnail","hentry","category-regionales"],"aioseo_notices":[],"gutentor_comment":0,"jetpack_featured_media_url":"https:\/\/eldiariodesanpedro.com.ar\/sitio\/wp-content\/uploads\/2019\/03\/no_3565hbzou56hwtlacci.jpg","jetpack_shortlink":"https:\/\/wp.me\/p6RhLt-cRu","jetpack_sharing_enabled":true,"_links":{"self":[{"href":"https:\/\/eldiariodesanpedro.com.ar\/sitio\/wp-json\/wp\/v2\/posts\/49444","targetHints":{"allow":["GET"]}}],"collection":[{"href":"https:\/\/eldiariodesanpedro.com.ar\/sitio\/wp-json\/wp\/v2\/posts"}],"about":[{"href":"https:\/\/eldiariodesanpedro.com.ar\/sitio\/wp-json\/wp\/v2\/types\/post"}],"author":[{"embeddable":true,"href":"https:\/\/eldiariodesanpedro.com.ar\/sitio\/wp-json\/wp\/v2\/users\/4"}],"replies":[{"embeddable":true,"href":"https:\/\/eldiariodesanpedro.com.ar\/sitio\/wp-json\/wp\/v2\/comments?post=49444"}],"version-history":[{"count":1,"href":"https:\/\/eldiariodesanpedro.com.ar\/sitio\/wp-json\/wp\/v2\/posts\/49444\/revisions"}],"predecessor-version":[{"id":49446,"href":"https:\/\/eldiariodesanpedro.com.ar\/sitio\/wp-json\/wp\/v2\/posts\/49444\/revisions\/49446"}],"wp:featuredmedia":[{"embeddable":true,"href":"https:\/\/eldiariodesanpedro.com.ar\/sitio\/wp-json\/wp\/v2\/media\/49445"}],"wp:attachment":[{"href":"https:\/\/eldiariodesanpedro.com.ar\/sitio\/wp-json\/wp\/v2\/media?parent=49444"}],"wp:term":[{"taxonomy":"category","embeddable":true,"href":"https:\/\/eldiariodesanpedro.com.ar\/sitio\/wp-json\/wp\/v2\/categories?post=49444"},{"taxonomy":"post_tag","embeddable":true,"href":"https:\/\/eldiariodesanpedro.com.ar\/sitio\/wp-json\/wp\/v2\/tags?post=49444"}],"curies":[{"name":"wp","href":"https:\/\/api.w.org\/{rel}","templated":true}]}}