{"id":49441,"date":"2019-03-22T19:03:08","date_gmt":"2019-03-22T22:03:08","guid":{"rendered":"https:\/\/eldiariodesanpedro.com.ar\/sitio\/?p=49441"},"modified":"2019-03-22T19:03:19","modified_gmt":"2019-03-22T22:03:19","slug":"campana-se-inauguro-una-nueva-planta-potabilizadora-de-agua-en-la-isla","status":"publish","type":"post","link":"https:\/\/eldiariodesanpedro.com.ar\/sitio\/campana-se-inauguro-una-nueva-planta-potabilizadora-de-agua-en-la-isla\/","title":{"rendered":"CAMPANA: Se inaugur\u00f3 una nueva planta potabilizadora de agua en la isla"},"content":{"rendered":"<!-- VideographyWP Plugin Message: Automatic video embedding prevented by plugin options. -->\n\n<p>\n\nEste nuevo sistema garantizar\u00e1 el acceso al agua potable a 40 familias. Abella anunci\u00f3 que el Municipio ejecutar\u00e1 la obra de tendido de red de agua para abastecer al jard\u00edn de infantes, la escuela, la comisar\u00eda y al CAPS.<\/p>\n\n\n\n<p>El intendente Sebasti\u00e1n Abella inaugur\u00f3 una nueva planta potabilizadora de agua en el sector insular de la ciudad que abastecer\u00e1 a cuarenta familias isle\u00f1as.<br><br>Se trata de un nuevo sistema que garantizar\u00e1 el acceso al agua potable para consumo de los vecinos del Recreo Blondeau, que se ejecut\u00f3 a trav\u00e9s del Ministerio de Salud y Desarrollo Social de la Naci\u00f3n en el marco del programa \u00abProyectos Especiales\u00bb perteneciente a Pro Huerta con el acompa\u00f1amiento del Municipio, INTA y Axion.<br><br>En este sentido, el jefe comunal confirm\u00f3 ante una gran cantidad de familias y la asociaci\u00f3n \u00abIsle\u00f1os Unidos II\u00bb que en un corto plazo el Municipio realizar\u00e1 la obra de tendido de red de agua para abastecer al jard\u00edn de infantes, la escuela, la comisar\u00eda y al Centro de Atenci\u00f3n Primaria de Salud (CAPS).<br><br>Asimismo, Abella destac\u00f3 la importancia para la salud y el beneficio para los vecinos de la nueva planta potabilizadora de agua que, seg\u00fan explic\u00f3, tiene una capacidad de hasta 6.000 litros por d\u00eda.<br><br>\u00abMe pone muy contento ver estos proyectos hechos realidad ya que le mejoran la calidad de vida a los vecinos isle\u00f1os que lamentablemente tienen tantas situaciones adversas durante el a\u00f1o\u00bb, asegur\u00f3 el Intendente.<br><br>Por su parte, el presidente de la asociaci\u00f3n \u00abIsle\u00f1os Unidos II\u00bb, Omar Fern\u00e1ndez, agradeci\u00f3 a las autoridades municipales, provinciales y nacionales; y a las empresas que colaboraron con esta importante planta potabilizadora que se instalar\u00e1 en distintos puntos del sector insular.<br><br>LANCHA SOLAR<br><br>En este marco, tambi\u00e9n se present\u00f3 el Transporte el\u00e9ctrico Canal Alem, bautizado \u00abTierra sin mal\u00bb, una lancha solar que acercar\u00e1 a los vecinos isle\u00f1os con el continente.<br><br>La unidad fue desarrollada por alumnos de escuelas t\u00e9cnicas de Campana y Z\u00e1rate en el marco de la edici\u00f3n 2018 del proyecto \u00abGen T\u00e9cnico\u00bb impulsado por la empresa Tenaris.<br><br>Junto al gerente de Servicios Industriales de la empresa, David Dondena, uno de los principales impulsores del proyecto, Abella conoci\u00f3 en detalle la unidad y destac\u00f3 en el impacto positivo que tendr\u00e1 en la comunidad isle\u00f1a.<br><br>Del acto realizado en el Recreo Blondeau tambi\u00e9n participaron el secretario de Producci\u00f3n, Empleo y Turismo del Municipio, Fabio Hern\u00e1ndez; la directora de Producci\u00f3n, Sandra Gotelli; y el subdirector de Islas, Juan Carlos Pandiani; el director de Desarrollo y Planificaci\u00f3n de la direcci\u00f3n de islas de la provincia de Buenos Aires, Alejandro Tiserri; el director de la experimental agropecuaria del Inta del Delta, Dar\u00edo Cevallos; el coordinador Nacional de Extensi\u00f3n del Inta, Luis Caballero; la asistente regional del programa Pro Huerta, Ana Laura Rossi; y autoridades del Parque Nacional Ciervo de Los Pantanos.<\/p>\n","protected":false},"excerpt":{"rendered":"<p>Este nuevo sistema garantizar\u00e1 el acceso al agua potable a 40 familias. Abella anunci\u00f3 que el Municipio ejecutar\u00e1 la obra de tendido de red de agua para abastecer al jard\u00edn de infantes, la escuela, la comisar\u00eda y al CAPS. El intendente Sebasti\u00e1n Abella inaugur\u00f3 una nueva planta potabilizadora de agua en el sector insular de [&hellip;]<\/p>\n","protected":false},"author":4,"featured_media":49442,"comment_status":"open","ping_status":"closed","sticky":false,"template":"","format":"standard","meta":{"om_disable_all_campaigns":false,"_jetpack_memberships_contains_paid_content":false,"footnotes":""},"categories":[621],"tags":[],"class_list":["post-49441","post","type-post","status-publish","format-standard","has-post-thumbnail","hentry","category-regionales"],"aioseo_notices":[],"gutentor_comment":0,"jetpack_featured_media_url":"https:\/\/eldiariodesanpedro.com.ar\/sitio\/wp-content\/uploads\/2019\/03\/20190321102933.jpg","jetpack_shortlink":"https:\/\/wp.me\/p6RhLt-cRr","jetpack_sharing_enabled":true,"_links":{"self":[{"href":"https:\/\/eldiariodesanpedro.com.ar\/sitio\/wp-json\/wp\/v2\/posts\/49441","targetHints":{"allow":["GET"]}}],"collection":[{"href":"https:\/\/eldiariodesanpedro.com.ar\/sitio\/wp-json\/wp\/v2\/posts"}],"about":[{"href":"https:\/\/eldiariodesanpedro.com.ar\/sitio\/wp-json\/wp\/v2\/types\/post"}],"author":[{"embeddable":true,"href":"https:\/\/eldiariodesanpedro.com.ar\/sitio\/wp-json\/wp\/v2\/users\/4"}],"replies":[{"embeddable":true,"href":"https:\/\/eldiariodesanpedro.com.ar\/sitio\/wp-json\/wp\/v2\/comments?post=49441"}],"version-history":[{"count":1,"href":"https:\/\/eldiariodesanpedro.com.ar\/sitio\/wp-json\/wp\/v2\/posts\/49441\/revisions"}],"predecessor-version":[{"id":49443,"href":"https:\/\/eldiariodesanpedro.com.ar\/sitio\/wp-json\/wp\/v2\/posts\/49441\/revisions\/49443"}],"wp:featuredmedia":[{"embeddable":true,"href":"https:\/\/eldiariodesanpedro.com.ar\/sitio\/wp-json\/wp\/v2\/media\/49442"}],"wp:attachment":[{"href":"https:\/\/eldiariodesanpedro.com.ar\/sitio\/wp-json\/wp\/v2\/media?parent=49441"}],"wp:term":[{"taxonomy":"category","embeddable":true,"href":"https:\/\/eldiariodesanpedro.com.ar\/sitio\/wp-json\/wp\/v2\/categories?post=49441"},{"taxonomy":"post_tag","embeddable":true,"href":"https:\/\/eldiariodesanpedro.com.ar\/sitio\/wp-json\/wp\/v2\/tags?post=49441"}],"curies":[{"name":"wp","href":"https:\/\/api.w.org\/{rel}","templated":true}]}}