{"id":49435,"date":"2019-03-22T13:06:47","date_gmt":"2019-03-22T16:06:47","guid":{"rendered":"https:\/\/eldiariodesanpedro.com.ar\/sitio\/?p=49435"},"modified":"2019-03-22T13:06:53","modified_gmt":"2019-03-22T16:06:53","slug":"un-automovil-atacado-con-piedras-mientras-circulaba","status":"publish","type":"post","link":"https:\/\/eldiariodesanpedro.com.ar\/sitio\/un-automovil-atacado-con-piedras-mientras-circulaba\/","title":{"rendered":"Un autom\u00f3vil atacado con piedras mientras circulaba"},"content":{"rendered":"<!-- VideographyWP Plugin Message: Automatic video embedding prevented by plugin options. -->\n\n<p>Este jueves una mujer de 35 a\u00f1os de edad se hizo presente en la comisaria local, donde radico la denuncia donde constata que siendo las 23:30 hs, mientras circulaba a bordo de autom\u00f3vil por 11 de Septiembre entre Auli y Bozzano, autores ignorados arrojan piedras causando da\u00f1os intencionales en autom\u00f3vil.\u00a0<\/p>\n","protected":false},"excerpt":{"rendered":"<p>Este jueves una mujer de 35 a\u00f1os de edad se hizo presente en la comisaria local, donde radico la denuncia donde constata que siendo las 23:30 hs, mientras circulaba a bordo de autom\u00f3vil por 11 de Septiembre entre Auli y Bozzano, autores ignorados arrojan piedras causando da\u00f1os intencionales en autom\u00f3vil.\u00a0<\/p>\n","protected":false},"author":4,"featured_media":45394,"comment_status":"open","ping_status":"closed","sticky":false,"template":"","format":"standard","meta":{"om_disable_all_campaigns":false,"_jetpack_memberships_contains_paid_content":false,"footnotes":""},"categories":[2,103],"tags":[],"class_list":["post-49435","post","type-post","status-publish","format-standard","has-post-thumbnail","hentry","category-locales","category-policiales-locales"],"aioseo_notices":[],"gutentor_comment":0,"jetpack_featured_media_url":"https:\/\/eldiariodesanpedro.com.ar\/sitio\/wp-content\/uploads\/2019\/01\/comisaria.jpg","jetpack_shortlink":"https:\/\/wp.me\/p6RhLt-cRl","jetpack_sharing_enabled":true,"_links":{"self":[{"href":"https:\/\/eldiariodesanpedro.com.ar\/sitio\/wp-json\/wp\/v2\/posts\/49435","targetHints":{"allow":["GET"]}}],"collection":[{"href":"https:\/\/eldiariodesanpedro.com.ar\/sitio\/wp-json\/wp\/v2\/posts"}],"about":[{"href":"https:\/\/eldiariodesanpedro.com.ar\/sitio\/wp-json\/wp\/v2\/types\/post"}],"author":[{"embeddable":true,"href":"https:\/\/eldiariodesanpedro.com.ar\/sitio\/wp-json\/wp\/v2\/users\/4"}],"replies":[{"embeddable":true,"href":"https:\/\/eldiariodesanpedro.com.ar\/sitio\/wp-json\/wp\/v2\/comments?post=49435"}],"version-history":[{"count":1,"href":"https:\/\/eldiariodesanpedro.com.ar\/sitio\/wp-json\/wp\/v2\/posts\/49435\/revisions"}],"predecessor-version":[{"id":49436,"href":"https:\/\/eldiariodesanpedro.com.ar\/sitio\/wp-json\/wp\/v2\/posts\/49435\/revisions\/49436"}],"wp:featuredmedia":[{"embeddable":true,"href":"https:\/\/eldiariodesanpedro.com.ar\/sitio\/wp-json\/wp\/v2\/media\/45394"}],"wp:attachment":[{"href":"https:\/\/eldiariodesanpedro.com.ar\/sitio\/wp-json\/wp\/v2\/media?parent=49435"}],"wp:term":[{"taxonomy":"category","embeddable":true,"href":"https:\/\/eldiariodesanpedro.com.ar\/sitio\/wp-json\/wp\/v2\/categories?post=49435"},{"taxonomy":"post_tag","embeddable":true,"href":"https:\/\/eldiariodesanpedro.com.ar\/sitio\/wp-json\/wp\/v2\/tags?post=49435"}],"curies":[{"name":"wp","href":"https:\/\/api.w.org\/{rel}","templated":true}]}}