{"id":49433,"date":"2019-03-22T13:03:22","date_gmt":"2019-03-22T16:03:22","guid":{"rendered":"https:\/\/eldiariodesanpedro.com.ar\/sitio\/?p=49433"},"modified":"2019-03-22T13:03:30","modified_gmt":"2019-03-22T16:03:30","slug":"allanamiento-por-un-robo-ocurrido-dias-atras","status":"publish","type":"post","link":"https:\/\/eldiariodesanpedro.com.ar\/sitio\/allanamiento-por-un-robo-ocurrido-dias-atras\/","title":{"rendered":"Allanamiento por un robo ocurrido d\u00edas atr\u00e1s"},"content":{"rendered":"<!-- VideographyWP Plugin Message: Automatic video embedding prevented by plugin options. -->\n\n<p>El personal del\u00a0Gabinete Criminol\u00f3gico de la comisaria de San Pedro, realizaba averiguaciones en el marco de un robo denunciado y ocurrido en la madrugada de este mi\u00e9rcoles en calle Estrada.<\/p>\n\n\n\n<p>Cuando delincuentes violentaron una reja y sustrajeron distintos efectos. Se diligenciaron allanamiento extendidos por la justicia ordinaria en la tarde de jueves en calle Molina frente a las v\u00edas, donde se secuestro una maquina de cortar c\u00e9sped a explosi\u00f3n sustra\u00edda en el hecho narrado. <\/p>\n\n\n\n<p>Respeto del investigado, el morador no se encontraba en el domicilio, estando a la espera de medidas judiciales respecto del mismo. <\/p>\n\n\n\n<p>Se detuvo a un sujeto masculino mayor de edad presente en el lugar, que adem\u00e1s registraba pedido de captura a requerimiento de la justicia ordinaria de a\u00f1os atr\u00e1s.\u00a0\u00a0\u00a0 <\/p>\n\n\n\n<p>Foto Ilustrativa<\/p>\n","protected":false},"excerpt":{"rendered":"<p>El personal del\u00a0Gabinete Criminol\u00f3gico de la comisaria de San Pedro, realizaba averiguaciones en el marco de un robo denunciado y ocurrido en la madrugada de este mi\u00e9rcoles en calle Estrada. Cuando delincuentes violentaron una reja y sustrajeron distintos efectos. Se diligenciaron allanamiento extendidos por la justicia ordinaria en la tarde de jueves en calle Molina [&hellip;]<\/p>\n","protected":false},"author":4,"featured_media":37361,"comment_status":"open","ping_status":"closed","sticky":false,"template":"","format":"standard","meta":{"om_disable_all_campaigns":false,"_jetpack_memberships_contains_paid_content":false,"footnotes":""},"categories":[2,103],"tags":[],"class_list":["post-49433","post","type-post","status-publish","format-standard","has-post-thumbnail","hentry","category-locales","category-policiales-locales"],"aioseo_notices":[],"gutentor_comment":0,"jetpack_featured_media_url":"https:\/\/eldiariodesanpedro.com.ar\/sitio\/wp-content\/uploads\/2018\/07\/Allanamientos-realizados-permitieron-dar-con-los-autores-del-hecho.jpg","jetpack_shortlink":"https:\/\/wp.me\/p6RhLt-cRj","jetpack_sharing_enabled":true,"_links":{"self":[{"href":"https:\/\/eldiariodesanpedro.com.ar\/sitio\/wp-json\/wp\/v2\/posts\/49433","targetHints":{"allow":["GET"]}}],"collection":[{"href":"https:\/\/eldiariodesanpedro.com.ar\/sitio\/wp-json\/wp\/v2\/posts"}],"about":[{"href":"https:\/\/eldiariodesanpedro.com.ar\/sitio\/wp-json\/wp\/v2\/types\/post"}],"author":[{"embeddable":true,"href":"https:\/\/eldiariodesanpedro.com.ar\/sitio\/wp-json\/wp\/v2\/users\/4"}],"replies":[{"embeddable":true,"href":"https:\/\/eldiariodesanpedro.com.ar\/sitio\/wp-json\/wp\/v2\/comments?post=49433"}],"version-history":[{"count":1,"href":"https:\/\/eldiariodesanpedro.com.ar\/sitio\/wp-json\/wp\/v2\/posts\/49433\/revisions"}],"predecessor-version":[{"id":49434,"href":"https:\/\/eldiariodesanpedro.com.ar\/sitio\/wp-json\/wp\/v2\/posts\/49433\/revisions\/49434"}],"wp:featuredmedia":[{"embeddable":true,"href":"https:\/\/eldiariodesanpedro.com.ar\/sitio\/wp-json\/wp\/v2\/media\/37361"}],"wp:attachment":[{"href":"https:\/\/eldiariodesanpedro.com.ar\/sitio\/wp-json\/wp\/v2\/media?parent=49433"}],"wp:term":[{"taxonomy":"category","embeddable":true,"href":"https:\/\/eldiariodesanpedro.com.ar\/sitio\/wp-json\/wp\/v2\/categories?post=49433"},{"taxonomy":"post_tag","embeddable":true,"href":"https:\/\/eldiariodesanpedro.com.ar\/sitio\/wp-json\/wp\/v2\/tags?post=49433"}],"curies":[{"name":"wp","href":"https:\/\/api.w.org\/{rel}","templated":true}]}}